{"id":581,"date":"2010-05-29T13:02:07","date_gmt":"2010-05-29T12:02:07","guid":{"rendered":"http:\/\/www.danielgander.com\/blog\/?p=581"},"modified":"2016-02-08T14:45:55","modified_gmt":"2016-02-08T13:45:55","slug":"bernadette-elmar","status":"publish","type":"post","link":"https:\/\/www.danielgander.com\/blog\/nature\/animals\/bernadette-elmar\/","title":{"rendered":"Bernadette &#038; Elmar"},"content":{"rendered":"<p>Am 1. Mai haben sich Bernadette und Elmar in Puch bei Weiz das Jawort gegeben. Es war ein wundersch\u00f6ner Maitag (im Gegensatz zu den 30 anderen in diesem Jahr *seufz*) und auch die Apfelbl\u00fcte war gerade auf ihrem H\u00f6hepunkt. Grund genug auch in einer der zahlreichen Apfelanlagen ein paar Fotos mit den beiden zu machen. Mir pers\u00f6nlich gefallen die Fotos in schwarz\/wei\u00df besser, und euch?<\/p>\n<p>Anmerkung damit es keine Verwechslungen gibt. Das Pferd hei\u00dft NICHT Elmar ;-)<\/p>\n<div id='gallery-1' class='gallery galleryid-581 gallery-columns-3 gallery-size-thumbnail'><figure class='gallery-item'>\n\t\t\t<div class='gallery-icon landscape'>\n\t\t\t\t<a href=\"https:\/\/www.danielgander.com\/blog\/wp-content\/uploads\/2010\/05\/100501-1319_DSC_3453.jpg\"  title=\"\" data-rl_title=\"\" class=\"rl-gallery-link\" data-rl_caption=\"\" data-rel=\"lightbox-gallery-1\"><img loading=\"lazy\" decoding=\"async\" width=\"150\" height=\"150\" src=\"https:\/\/www.danielgander.com\/blog\/wp-content\/uploads\/2010\/05\/100501-1319_DSC_3453-150x150.jpg\" class=\"attachment-thumbnail size-thumbnail\" alt=\"\" \/><\/a>\n\t\t\t<\/div><\/figure><figure class='gallery-item'>\n\t\t\t<div class='gallery-icon landscape'>\n\t\t\t\t<a href=\"https:\/\/www.danielgander.com\/blog\/wp-content\/uploads\/2010\/05\/100501-1808_DSC_4420_E01.jpg\"  title=\"\" data-rl_title=\"\" class=\"rl-gallery-link\" data-rl_caption=\"\" data-rel=\"lightbox-gallery-1\"><img loading=\"lazy\" decoding=\"async\" width=\"150\" height=\"150\" src=\"https:\/\/www.danielgander.com\/blog\/wp-content\/uploads\/2010\/05\/100501-1808_DSC_4420_E01-150x150.jpg\" class=\"attachment-thumbnail size-thumbnail\" alt=\"\" \/><\/a>\n\t\t\t<\/div><\/figure><figure class='gallery-item'>\n\t\t\t<div class='gallery-icon portrait'>\n\t\t\t\t<a href=\"https:\/\/www.danielgander.com\/blog\/wp-content\/uploads\/2010\/05\/100501-1825_DSC_4480_E01.jpg\"  title=\"\" data-rl_title=\"\" class=\"rl-gallery-link\" data-rl_caption=\"\" data-rel=\"lightbox-gallery-1\"><img loading=\"lazy\" decoding=\"async\" width=\"150\" height=\"150\" src=\"https:\/\/www.danielgander.com\/blog\/wp-content\/uploads\/2010\/05\/100501-1825_DSC_4480_E01-150x150.jpg\" class=\"attachment-thumbnail size-thumbnail\" alt=\"\" \/><\/a>\n\t\t\t<\/div><\/figure><figure class='gallery-item'>\n\t\t\t<div class='gallery-icon portrait'>\n\t\t\t\t<a href=\"https:\/\/www.danielgander.com\/blog\/wp-content\/uploads\/2010\/05\/100501-1830_DSC_4488_E01.jpg\"  title=\"\" data-rl_title=\"\" class=\"rl-gallery-link\" data-rl_caption=\"\" data-rel=\"lightbox-gallery-1\"><img loading=\"lazy\" decoding=\"async\" width=\"150\" height=\"150\" src=\"https:\/\/www.danielgander.com\/blog\/wp-content\/uploads\/2010\/05\/100501-1830_DSC_4488_E01-150x150.jpg\" class=\"attachment-thumbnail size-thumbnail\" alt=\"\" \/><\/a>\n\t\t\t<\/div><\/figure><figure class='gallery-item'>\n\t\t\t<div class='gallery-icon landscape'>\n\t\t\t\t<a href=\"https:\/\/www.danielgander.com\/blog\/wp-content\/uploads\/2010\/05\/100501-1809_DSC_4430_E01.jpg\"  title=\"\" data-rl_title=\"\" class=\"rl-gallery-link\" data-rl_caption=\"\" data-rel=\"lightbox-gallery-1\"><img loading=\"lazy\" decoding=\"async\" width=\"150\" height=\"150\" src=\"https:\/\/www.danielgander.com\/blog\/wp-content\/uploads\/2010\/05\/100501-1809_DSC_4430_E01-150x150.jpg\" class=\"attachment-thumbnail size-thumbnail\" alt=\"\" \/><\/a>\n\t\t\t<\/div><\/figure>\n\t\t<\/div>\n\n","protected":false},"excerpt":{"rendered":"<p>Am 1. Mai haben sich Bernadette und Elmar in Puch bei Weiz das Jawort gegeben. Es war ein wundersch\u00f6ner Maitag (im Gegensatz zu den 30 anderen in diesem Jahr *seufz*) und auch die Apfelbl\u00fcte war gerade auf ihrem H\u00f6hepunkt. Grund genug auch in einer der zahlreichen Apfelanlagen ein paar Fotos mit den beiden zu machen.&hellip; <\/p>\n<p><a href=\"https:\/\/www.danielgander.com\/blog\/nature\/animals\/bernadette-elmar\/\"  title='Permanent link to Bernadette &#038; Elmar' class='more-link'>Continue Reading &rarr;<\/a><\/p>\n","protected":false},"author":5,"featured_media":591,"comment_status":"open","ping_status":"open","sticky":false,"template":"","format":"standard","meta":{"footnotes":""},"categories":[4,11,15],"tags":[],"class_list":["post-581","post","type-post","status-publish","format-standard","has-post-thumbnail","hentry","category-animals","category-portraits","category-weddings","lock-1"],"_links":{"self":[{"href":"https:\/\/www.danielgander.com\/blog\/wp-json\/wp\/v2\/posts\/581","targetHints":{"allow":["GET"]}}],"collection":[{"href":"https:\/\/www.danielgander.com\/blog\/wp-json\/wp\/v2\/posts"}],"about":[{"href":"https:\/\/www.danielgander.com\/blog\/wp-json\/wp\/v2\/types\/post"}],"author":[{"embeddable":true,"href":"https:\/\/www.danielgander.com\/blog\/wp-json\/wp\/v2\/users\/5"}],"replies":[{"embeddable":true,"href":"https:\/\/www.danielgander.com\/blog\/wp-json\/wp\/v2\/comments?post=581"}],"version-history":[{"count":0,"href":"https:\/\/www.danielgander.com\/blog\/wp-json\/wp\/v2\/posts\/581\/revisions"}],"wp:featuredmedia":[{"embeddable":true,"href":"https:\/\/www.danielgander.com\/blog\/wp-json\/wp\/v2\/media\/591"}],"wp:attachment":[{"href":"https:\/\/www.danielgander.com\/blog\/wp-json\/wp\/v2\/media?parent=581"}],"wp:term":[{"taxonomy":"category","embeddable":true,"href":"https:\/\/www.danielgander.com\/blog\/wp-json\/wp\/v2\/categories?post=581"},{"taxonomy":"post_tag","embeddable":true,"href":"https:\/\/www.danielgander.com\/blog\/wp-json\/wp\/v2\/tags?post=581"}],"curies":[{"name":"wp","href":"https:\/\/api.w.org\/{rel}","templated":true}]}}