{"id":4039,"date":"2016-04-28T04:18:33","date_gmt":"2016-04-28T03:18:33","guid":{"rendered":"http:\/\/www.danielgander.com\/blog\/?p=4039"},"modified":"2016-04-28T07:31:23","modified_gmt":"2016-04-28T06:31:23","slug":"road-to-masca","status":"publish","type":"post","link":"https:\/\/www.danielgander.com\/blog\/nature\/landscapes\/road-to-masca\/","title":{"rendered":"Road to Masca"},"content":{"rendered":"<p>Wir wollten also von <a href=\"https:\/\/www.danielgander.com\/blog\/night\/puerto-de-la-cruz\/\" >Puerto de La Cruz<\/a> zum Teide &#8211; genaugenommen zum Fu\u00df des 3.718 m hohen Vulkans und h\u00f6chsten Berg Spaniens. Wir hatten in der Bergh\u00fctte <a href=\"https:\/\/www.danielgander.com\/blog\/night\/startrails-refugio-altavista\/\" >Refugio Altavista<\/a>\u00a0eine \u00dcbernachtung gebucht und hatten es somit nicht eilig dorthin zu kommen. Hauptsache vor 16 Uhr an der Talstation der Gondel (Ruhetag &#8211; kein Sport! ;-)) eintreffen, hinauffahren, gem\u00fctlich die letzten H\u00f6henmeter zum Gipfel wandern, den Sonnenuntergang genie\u00dfen (mehr dazu im n\u00e4chsten Beitrag) und dann wieder zur H\u00fctte auf 3.260 m absteigen.<br \/>\nAm Weg zur Talstation haben wir versucht m\u00f6glichst viel von der Nordseite der Insel mitzunehmen d.h. ein paar mal anzuhalten (z.B. in <a href=\"https:\/\/www.danielgander.com\/blog\/nature\/landscapes\/san-pedro-de-daute\/\" >San Pedro de Daute<\/a>) und alles M\u00f6gliche\u00a0unterwegs anzusehen. Das hier war in etwa unsere Route:<\/p>\n<p><iframe loading=\"lazy\" style=\"border: 0;\" src=\"https:\/\/www.google.com\/maps\/embed?pb=!1m40!1m12!1m3!1d112415.05892412111!2d-16.785574720030894!3d28.29921498340292!2m3!1f0!2f0!3f0!3m2!1i1024!2i768!4f13.1!4m25!3e0!4m5!1s0xc6a7ffa897afdb1%3A0xfe20ba57c9146376!2sPuerto+de+la+Cruz%2C+Santa+Cruz+de+Tenerife%2C+Spanien!3m2!1d28.411413!2d-16.5449611!4m5!1s0xc6a61c4253adb65%3A0x9396a71db32d3ff7!2sBuenavista+del+Norte%2C+Spanien!3m2!1d28.372795099999998!2d-16.851763!4m5!1s0xc6a8bca697ba8d1%3A0x4d1eb24a5151e239!2sMasca%2C+Provinz+Santa+Cruz+de+Tenerife%2C+Spanien!3m2!1d28.3065856!2d-16.840276199999998!4m5!1s0xc6a841219a46745%3A0x8da5b0b3d4897f14!2sPico+del+Teide%2C+Provinz+Santa+Cruz+de+Tenerife%2C+Spanien!3m2!1d28.2723384!2d-16.642508!5e0!3m2!1sde!2sat!4v1461761372011\" width=\"600\" height=\"450\" frameborder=\"0\" allowfullscreen=\"allowfullscreen\"><\/iframe>g<\/p>\n<p>Nimmt man den Weg \u00fcber Buenavista del Norte am nordwestlichen Zipfel der Insel (es gibt auch eine k\u00fcrzere, besser ausgebaute Route), verl\u00e4uft der Weg im Anschluss \u00fcber eine extrem schmale und kurvenreiche Bergstra\u00dfe nach Masca. Herrliche Szenen die sich am Weg dorthin\u00a0auf der Stra\u00dfe abspielen. Unterwegs sind fast ausschlie\u00dflich Urlauber (siehe Beschreibung im <a href=\"https:\/\/www.danielgander.com\/blog\/night\/puerto-de-la-cruz\/\" >vorangegangenen Beitrag<\/a>) in Mietautos die nat\u00fcrlich Angst haben einen Kratzer hinein\u00a0zu machen und wahrscheinlich 3-spurige deutsche Autobahnen gew\u00f6hnt sind. Mehr diesbez\u00fcglich zu berichten, erspare ich mir besser an dieser Stelle&#8230; ich war \u00fcbrigens am Steuer unseres Mietautos. ;-)<\/p>\n<p>Kommen wir zum Wesentlichen dieses Beitrags: Das Foto ist kurz vor Masca entstanden und zeigt einen Teil der weniger kurvenreichen Strecke.<\/p>\n","protected":false},"excerpt":{"rendered":"<p>Wir wollten also von Puerto de La Cruz zum Teide &#8211; genaugenommen zum Fu\u00df des 3.718 m hohen Vulkans und h\u00f6chsten Berg Spaniens. Wir hatten in der Bergh\u00fctte Refugio Altavista\u00a0eine \u00dcbernachtung gebucht und hatten es somit nicht eilig dorthin zu kommen. Hauptsache vor 16 Uhr an der Talstation der Gondel (Ruhetag &#8211; kein Sport! ;-))&hellip; <\/p>\n<p><a href=\"https:\/\/www.danielgander.com\/blog\/nature\/landscapes\/road-to-masca\/\"  title='Permanent link to Road to Masca' class='more-link'>Continue Reading &rarr;<\/a><\/p>\n","protected":false},"author":5,"featured_media":4040,"comment_status":"open","ping_status":"open","sticky":false,"template":"","format":"standard","meta":{"footnotes":""},"categories":[6],"tags":[56,74],"class_list":["post-4039","post","type-post","status-publish","format-standard","has-post-thumbnail","hentry","category-landscapes","tag-mountain","tag-tenerife","lock-1"],"_links":{"self":[{"href":"https:\/\/www.danielgander.com\/blog\/wp-json\/wp\/v2\/posts\/4039","targetHints":{"allow":["GET"]}}],"collection":[{"href":"https:\/\/www.danielgander.com\/blog\/wp-json\/wp\/v2\/posts"}],"about":[{"href":"https:\/\/www.danielgander.com\/blog\/wp-json\/wp\/v2\/types\/post"}],"author":[{"embeddable":true,"href":"https:\/\/www.danielgander.com\/blog\/wp-json\/wp\/v2\/users\/5"}],"replies":[{"embeddable":true,"href":"https:\/\/www.danielgander.com\/blog\/wp-json\/wp\/v2\/comments?post=4039"}],"version-history":[{"count":0,"href":"https:\/\/www.danielgander.com\/blog\/wp-json\/wp\/v2\/posts\/4039\/revisions"}],"wp:featuredmedia":[{"embeddable":true,"href":"https:\/\/www.danielgander.com\/blog\/wp-json\/wp\/v2\/media\/4040"}],"wp:attachment":[{"href":"https:\/\/www.danielgander.com\/blog\/wp-json\/wp\/v2\/media?parent=4039"}],"wp:term":[{"taxonomy":"category","embeddable":true,"href":"https:\/\/www.danielgander.com\/blog\/wp-json\/wp\/v2\/categories?post=4039"},{"taxonomy":"post_tag","embeddable":true,"href":"https:\/\/www.danielgander.com\/blog\/wp-json\/wp\/v2\/tags?post=4039"}],"curies":[{"name":"wp","href":"https:\/\/api.w.org\/{rel}","templated":true}]}}