{"id":3232,"date":"2014-11-19T23:03:51","date_gmt":"2014-11-19T22:03:51","guid":{"rendered":"http:\/\/www.danielgander.com\/blog\/?p=3232"},"modified":"2016-02-05T10:26:51","modified_gmt":"2016-02-05T09:26:51","slug":"la-palma-vulkan-trails","status":"publish","type":"post","link":"https:\/\/www.danielgander.com\/blog\/nature\/landscapes\/la-palma-vulkan-trails\/","title":{"rendered":"Vulkanbiken"},"content":{"rendered":"<p>La Palma ist vulkanischen Ursprungs und das ist besonders im s\u00fcdlichen Teil der Insel un\u00fcbersehbar. Unterhalb von Fuencaliente ist dort 1975 das letzte Mal der Vulkan Tenegu\u00eda ausgebrochen. \u00dcberreste davon gibt es z.B. in Form von erstarrten Lavastr\u00f6men und schwarzem Vulkansand im Gel\u00e4nde oder am Strand. Als Mountainbiker war mir diese Art von Untergrund v\u00f6llig neu und ich empfand die <em>Vulkantouren<\/em> deshalb als besonders interessant und spannend. So etwas gibt es bei uns ja eigentlich nirgends, vom Gef\u00fchl her ist\u00a0 das Befahren eines Abhangs aus Vulkansand wohl am ehesten noch vergleichbar mit Tiefschnee oder verschneiten Trails. Erstarrte Lavastr\u00f6me bestehen im Gegensatz dazu aus einer riesigen Masse von scharfkantigen, por\u00f6sen, gr\u00f6\u00dferen und kleineren Gesteinsbrocken und diese sind eigentlich nur dort &#8220;berollbar&#8221; wo der Mensch Hand angelegt und eine Art Weg durch den Lavastrom gebaut hat.<\/p>\n<p>Besonders genial war f\u00fcr mich \u00fcbrigens das Befahren eines ausgetrockneten Bachbetts, dessen Untergrund aus Lava bestand. Das Wasser hat eine wellenartige, glattgeb\u00fcgelte und doch unglaublich griffige Oberfl\u00e4che zur\u00fcckgelassen, die dem bergabfahrenden Biker nahezu unendlich viele M\u00f6glichkeiten bietet! Ein Foto davon findet ihr unterhalb des Artikels.<\/p>\n<p><span style=\"text-decoration: underline;\">Titelfoto<\/span>: Bruno, w\u00e4hrend er auf <a href=\"http:\/\/www.dansdesktop.com\" title=\"Daniel Schaefer\"  target=\"_blank\">Daniel<\/a>&#8216;s <em>Surfbrett<\/em> &#8211; einem S-Works Enduro 29 &#8211; auf diesem sandigen Trail offenbar auch viel Spa\u00df hat ;-)<\/p>\n<p>F\u00fcr alle die erst jetzt eingestiegen sind, <a href=\"https:\/\/www.danielgander.com\/blog\/tag\/la-palma\/\" >hier <\/a>findet ihr die anderen Artikel zum <a href=\"http:\/\/www.2012.dansdesktop.com\/unterseite-3.html\" title=\"Maloja Moonrider Camp\"  target=\"_blank\">Maloja Moonrider Camp<\/a> auf La Palma .<\/p>\n<div id='gallery-1' class='gallery galleryid-3232 gallery-columns-3 gallery-size-thumbnail'><figure class='gallery-item'>\n\t\t\t<div class='gallery-icon landscape'>\n\t\t\t\t<a href=\"https:\/\/www.danielgander.com\/blog\/wp-content\/uploads\/2014\/11\/141105-1536_DSC_7024_E01.jpg\"  title=\"\" data-rl_title=\"\" class=\"rl-gallery-link\" data-rl_caption=\"\" data-rel=\"lightbox-gallery-1\"><img loading=\"lazy\" decoding=\"async\" width=\"150\" height=\"150\" src=\"https:\/\/www.danielgander.com\/blog\/wp-content\/uploads\/2014\/11\/141105-1536_DSC_7024_E01-150x150.jpg\" class=\"attachment-thumbnail size-thumbnail\" alt=\"\" \/><\/a>\n\t\t\t<\/div><\/figure><figure class='gallery-item'>\n\t\t\t<div class='gallery-icon landscape'>\n\t\t\t\t<a href=\"https:\/\/www.danielgander.com\/blog\/wp-content\/uploads\/2014\/11\/141109-1658_DSC_7566_E01.jpg\"  title=\"\" data-rl_title=\"\" class=\"rl-gallery-link\" data-rl_caption=\"\" data-rel=\"lightbox-gallery-1\"><img loading=\"lazy\" decoding=\"async\" width=\"150\" height=\"150\" src=\"https:\/\/www.danielgander.com\/blog\/wp-content\/uploads\/2014\/11\/141109-1658_DSC_7566_E01-150x150.jpg\" class=\"attachment-thumbnail size-thumbnail\" alt=\"\" \/><\/a>\n\t\t\t<\/div><\/figure><figure class='gallery-item'>\n\t\t\t<div class='gallery-icon landscape'>\n\t\t\t\t<a href=\"https:\/\/www.danielgander.com\/blog\/wp-content\/uploads\/2014\/11\/141107-1706_DSC_7428.jpg\"  title=\"\" data-rl_title=\"\" class=\"rl-gallery-link\" data-rl_caption=\"\" data-rel=\"lightbox-gallery-1\"><img loading=\"lazy\" decoding=\"async\" width=\"150\" height=\"150\" src=\"https:\/\/www.danielgander.com\/blog\/wp-content\/uploads\/2014\/11\/141107-1706_DSC_7428-150x150.jpg\" class=\"attachment-thumbnail size-thumbnail\" alt=\"\" \/><\/a>\n\t\t\t<\/div><\/figure><figure class='gallery-item'>\n\t\t\t<div class='gallery-icon landscape'>\n\t\t\t\t<a href=\"https:\/\/www.danielgander.com\/blog\/wp-content\/uploads\/2014\/11\/141107-1614_DSC_7419_E01.jpg\"  title=\"\" data-rl_title=\"\" class=\"rl-gallery-link\" data-rl_caption=\"\" data-rel=\"lightbox-gallery-1\"><img loading=\"lazy\" decoding=\"async\" width=\"150\" height=\"150\" src=\"https:\/\/www.danielgander.com\/blog\/wp-content\/uploads\/2014\/11\/141107-1614_DSC_7419_E01-150x150.jpg\" class=\"attachment-thumbnail size-thumbnail\" alt=\"\" \/><\/a>\n\t\t\t<\/div><\/figure><figure class='gallery-item'>\n\t\t\t<div class='gallery-icon portrait'>\n\t\t\t\t<a href=\"https:\/\/www.danielgander.com\/blog\/wp-content\/uploads\/2014\/11\/141109-1800_DSC_7575_E01.jpg\"  title=\"\" data-rl_title=\"\" class=\"rl-gallery-link\" data-rl_caption=\"\" data-rel=\"lightbox-gallery-1\"><img loading=\"lazy\" decoding=\"async\" width=\"150\" height=\"150\" src=\"https:\/\/www.danielgander.com\/blog\/wp-content\/uploads\/2014\/11\/141109-1800_DSC_7575_E01-150x150.jpg\" class=\"attachment-thumbnail size-thumbnail\" alt=\"\" \/><\/a>\n\t\t\t<\/div><\/figure><figure class='gallery-item'>\n\t\t\t<div class='gallery-icon landscape'>\n\t\t\t\t<a href=\"https:\/\/www.danielgander.com\/blog\/wp-content\/uploads\/2014\/11\/141105-1536_DSC_7019_E01.jpg\"  title=\"\" data-rl_title=\"\" class=\"rl-gallery-link\" data-rl_caption=\"\" data-rel=\"lightbox-gallery-1\"><img loading=\"lazy\" decoding=\"async\" width=\"150\" height=\"150\" src=\"https:\/\/www.danielgander.com\/blog\/wp-content\/uploads\/2014\/11\/141105-1536_DSC_7019_E01-150x150.jpg\" class=\"attachment-thumbnail size-thumbnail\" alt=\"\" \/><\/a>\n\t\t\t<\/div><\/figure>\n\t\t<\/div>\n\n","protected":false},"excerpt":{"rendered":"<p>La Palma ist vulkanischen Ursprungs und das ist besonders im s\u00fcdlichen Teil der Insel un\u00fcbersehbar. Unterhalb von Fuencaliente ist dort 1975 das letzte Mal der Vulkan Tenegu\u00eda ausgebrochen. \u00dcberreste davon gibt es z.B. in Form von erstarrten Lavastr\u00f6men und schwarzem Vulkansand im Gel\u00e4nde oder am Strand. Als Mountainbiker war mir diese Art von Untergrund v\u00f6llig&hellip; <\/p>\n<p><a href=\"https:\/\/www.danielgander.com\/blog\/nature\/landscapes\/la-palma-vulkan-trails\/\"  title='Permanent link to Vulkanbiken' class='more-link'>Continue Reading &rarr;<\/a><\/p>\n","protected":false},"author":5,"featured_media":3244,"comment_status":"open","ping_status":"open","sticky":false,"template":"","format":"standard","meta":{"footnotes":""},"categories":[27,6,10],"tags":[39,34],"class_list":["post-3232","post","type-post","status-publish","format-standard","has-post-thumbnail","hentry","category-action","category-landscapes","category-sport","tag-bike","tag-la-palma","lock-1"],"_links":{"self":[{"href":"https:\/\/www.danielgander.com\/blog\/wp-json\/wp\/v2\/posts\/3232","targetHints":{"allow":["GET"]}}],"collection":[{"href":"https:\/\/www.danielgander.com\/blog\/wp-json\/wp\/v2\/posts"}],"about":[{"href":"https:\/\/www.danielgander.com\/blog\/wp-json\/wp\/v2\/types\/post"}],"author":[{"embeddable":true,"href":"https:\/\/www.danielgander.com\/blog\/wp-json\/wp\/v2\/users\/5"}],"replies":[{"embeddable":true,"href":"https:\/\/www.danielgander.com\/blog\/wp-json\/wp\/v2\/comments?post=3232"}],"version-history":[{"count":0,"href":"https:\/\/www.danielgander.com\/blog\/wp-json\/wp\/v2\/posts\/3232\/revisions"}],"wp:featuredmedia":[{"embeddable":true,"href":"https:\/\/www.danielgander.com\/blog\/wp-json\/wp\/v2\/media\/3244"}],"wp:attachment":[{"href":"https:\/\/www.danielgander.com\/blog\/wp-json\/wp\/v2\/media?parent=3232"}],"wp:term":[{"taxonomy":"category","embeddable":true,"href":"https:\/\/www.danielgander.com\/blog\/wp-json\/wp\/v2\/categories?post=3232"},{"taxonomy":"post_tag","embeddable":true,"href":"https:\/\/www.danielgander.com\/blog\/wp-json\/wp\/v2\/tags?post=3232"}],"curies":[{"name":"wp","href":"https:\/\/api.w.org\/{rel}","templated":true}]}}