{"id":3187,"date":"2014-11-16T23:59:07","date_gmt":"2014-11-16T22:59:07","guid":{"rendered":"http:\/\/www.danielgander.com\/blog\/?p=3187"},"modified":"2016-02-05T10:27:20","modified_gmt":"2016-02-05T09:27:20","slug":"la-palma-bike-roque","status":"publish","type":"post","link":"https:\/\/www.danielgander.com\/blog\/nature\/landscapes\/la-palma-bike-roque\/","title":{"rendered":"\u00dcber den Wolken"},"content":{"rendered":"<p>Teil 2 aus <a href=\"https:\/\/www.danielgander.com\/blog\/tag\/la-palma\/\" >La Palma<\/a>: Nach dem <a href=\"https:\/\/www.danielgander.com\/blog\/nature\/landscapes\/la-palma-emotions\/\" title=\"La Palma \u2013 Emotions\" >Sonnenaufgang<\/a> folgte eine mehrst\u00fcndige Abfahrt dem Grat der Caldera Richtung S\u00fcden folgend bis zum Revent\u00f3npass. Dort folgten wir dem Camino Real, der alten Ost-West-Verbindung der Insel, Richtung Westen \u00fcber El Paso bis nach Los Llanos. Spektakul\u00e4re Anblicke \u00fcber den Passatwolken begleiteteten uns auf dem Gro\u00dfteil der Tour, hier ein paar Fotos davon!<\/p>\n<div id='gallery-1' class='gallery galleryid-3187 gallery-columns-3 gallery-size-thumbnail'><figure class='gallery-item'>\n\t\t\t<div class='gallery-icon portrait'>\n\t\t\t\t<a href=\"https:\/\/www.danielgander.com\/blog\/wp-content\/uploads\/2014\/11\/141106-0942_DSC_7241.jpg\"  title=\"\" data-rl_title=\"\" class=\"rl-gallery-link\" data-rl_caption=\"\" data-rel=\"lightbox-gallery-1\"><img loading=\"lazy\" decoding=\"async\" width=\"150\" height=\"150\" src=\"https:\/\/www.danielgander.com\/blog\/wp-content\/uploads\/2014\/11\/141106-0942_DSC_7241-150x150.jpg\" class=\"attachment-thumbnail size-thumbnail\" alt=\"\" \/><\/a>\n\t\t\t<\/div><\/figure><figure class='gallery-item'>\n\t\t\t<div class='gallery-icon landscape'>\n\t\t\t\t<a href=\"https:\/\/www.danielgander.com\/blog\/wp-content\/uploads\/2014\/11\/141106-0934_DSC_7236.jpg\"  title=\"\" data-rl_title=\"\" class=\"rl-gallery-link\" data-rl_caption=\"\" data-rel=\"lightbox-gallery-1\"><img loading=\"lazy\" decoding=\"async\" width=\"150\" height=\"150\" src=\"https:\/\/www.danielgander.com\/blog\/wp-content\/uploads\/2014\/11\/141106-0934_DSC_7236-150x150.jpg\" class=\"attachment-thumbnail size-thumbnail\" alt=\"\" \/><\/a>\n\t\t\t<\/div><\/figure><figure class='gallery-item'>\n\t\t\t<div class='gallery-icon landscape'>\n\t\t\t\t<a href=\"https:\/\/www.danielgander.com\/blog\/wp-content\/uploads\/2014\/11\/141106-0759_DSC_7159_E01.jpg\"  title=\"\" data-rl_title=\"\" class=\"rl-gallery-link\" data-rl_caption=\"\" data-rel=\"lightbox-gallery-1\"><img loading=\"lazy\" decoding=\"async\" width=\"150\" height=\"150\" src=\"https:\/\/www.danielgander.com\/blog\/wp-content\/uploads\/2014\/11\/141106-0759_DSC_7159_E01-150x150.jpg\" class=\"attachment-thumbnail size-thumbnail\" alt=\"\" \/><\/a>\n\t\t\t<\/div><\/figure><figure class='gallery-item'>\n\t\t\t<div class='gallery-icon portrait'>\n\t\t\t\t<a href=\"https:\/\/www.danielgander.com\/blog\/wp-content\/uploads\/2014\/11\/141106-0953_DSC_7258.jpg\"  title=\"\" data-rl_title=\"\" class=\"rl-gallery-link\" data-rl_caption=\"\" data-rel=\"lightbox-gallery-1\"><img loading=\"lazy\" decoding=\"async\" width=\"150\" height=\"150\" src=\"https:\/\/www.danielgander.com\/blog\/wp-content\/uploads\/2014\/11\/141106-0953_DSC_7258-150x150.jpg\" class=\"attachment-thumbnail size-thumbnail\" alt=\"\" \/><\/a>\n\t\t\t<\/div><\/figure><figure class='gallery-item'>\n\t\t\t<div class='gallery-icon landscape'>\n\t\t\t\t<a href=\"https:\/\/www.danielgander.com\/blog\/wp-content\/uploads\/2014\/11\/141106-0752_DSC_7137.jpg\"  title=\"\" data-rl_title=\"\" class=\"rl-gallery-link\" data-rl_caption=\"\" data-rel=\"lightbox-gallery-1\"><img loading=\"lazy\" decoding=\"async\" width=\"150\" height=\"150\" src=\"https:\/\/www.danielgander.com\/blog\/wp-content\/uploads\/2014\/11\/141106-0752_DSC_7137-150x150.jpg\" class=\"attachment-thumbnail size-thumbnail\" alt=\"\" \/><\/a>\n\t\t\t<\/div><\/figure><figure class='gallery-item'>\n\t\t\t<div class='gallery-icon landscape'>\n\t\t\t\t<a href=\"https:\/\/www.danielgander.com\/blog\/wp-content\/uploads\/2014\/11\/141106-0852_DSC_7195_E01.jpg\"  title=\"\" data-rl_title=\"\" class=\"rl-gallery-link\" data-rl_caption=\"\" data-rel=\"lightbox-gallery-1\"><img loading=\"lazy\" decoding=\"async\" width=\"150\" height=\"150\" src=\"https:\/\/www.danielgander.com\/blog\/wp-content\/uploads\/2014\/11\/141106-0852_DSC_7195_E01-150x150.jpg\" class=\"attachment-thumbnail size-thumbnail\" alt=\"\" \/><\/a>\n\t\t\t<\/div><\/figure>\n\t\t<\/div>\n\n","protected":false},"excerpt":{"rendered":"<p>Teil 2 aus La Palma: Nach dem Sonnenaufgang folgte eine mehrst\u00fcndige Abfahrt dem Grat der Caldera Richtung S\u00fcden folgend bis zum Revent\u00f3npass. Dort folgten wir dem Camino Real, der alten Ost-West-Verbindung der Insel, Richtung Westen \u00fcber El Paso bis nach Los Llanos. Spektakul\u00e4re Anblicke \u00fcber den Passatwolken begleiteteten uns auf dem Gro\u00dfteil der Tour, hier&hellip; <\/p>\n<p><a href=\"https:\/\/www.danielgander.com\/blog\/nature\/landscapes\/la-palma-bike-roque\/\"  title='Permanent link to \u00dcber den Wolken' class='more-link'>Continue Reading &rarr;<\/a><\/p>\n","protected":false},"author":5,"featured_media":3193,"comment_status":"open","ping_status":"open","sticky":false,"template":"","format":"standard","meta":{"footnotes":""},"categories":[27,6,10],"tags":[39,34,56],"class_list":["post-3187","post","type-post","status-publish","format-standard","has-post-thumbnail","hentry","category-action","category-landscapes","category-sport","tag-bike","tag-la-palma","tag-mountain","lock-1"],"_links":{"self":[{"href":"https:\/\/www.danielgander.com\/blog\/wp-json\/wp\/v2\/posts\/3187","targetHints":{"allow":["GET"]}}],"collection":[{"href":"https:\/\/www.danielgander.com\/blog\/wp-json\/wp\/v2\/posts"}],"about":[{"href":"https:\/\/www.danielgander.com\/blog\/wp-json\/wp\/v2\/types\/post"}],"author":[{"embeddable":true,"href":"https:\/\/www.danielgander.com\/blog\/wp-json\/wp\/v2\/users\/5"}],"replies":[{"embeddable":true,"href":"https:\/\/www.danielgander.com\/blog\/wp-json\/wp\/v2\/comments?post=3187"}],"version-history":[{"count":0,"href":"https:\/\/www.danielgander.com\/blog\/wp-json\/wp\/v2\/posts\/3187\/revisions"}],"wp:featuredmedia":[{"embeddable":true,"href":"https:\/\/www.danielgander.com\/blog\/wp-json\/wp\/v2\/media\/3193"}],"wp:attachment":[{"href":"https:\/\/www.danielgander.com\/blog\/wp-json\/wp\/v2\/media?parent=3187"}],"wp:term":[{"taxonomy":"category","embeddable":true,"href":"https:\/\/www.danielgander.com\/blog\/wp-json\/wp\/v2\/categories?post=3187"},{"taxonomy":"post_tag","embeddable":true,"href":"https:\/\/www.danielgander.com\/blog\/wp-json\/wp\/v2\/tags?post=3187"}],"curies":[{"name":"wp","href":"https:\/\/api.w.org\/{rel}","templated":true}]}}