{"id":3157,"date":"2014-10-21T19:07:57","date_gmt":"2014-10-21T18:07:57","guid":{"rendered":"http:\/\/www.danielgander.com\/blog\/?p=3157"},"modified":"2016-02-05T10:28:03","modified_gmt":"2016-02-05T09:28:03","slug":"enzi-trail","status":"publish","type":"post","link":"https:\/\/www.danielgander.com\/blog\/action\/sport\/enzi-trail\/","title":{"rendered":"Enzi-Trail"},"content":{"rendered":"<p>Am vergangnen Wochenende hat der <a target=\"_blank\" href=\"http:\/\/www.radlager-mtb.at\" >Radlager-MTB-Verein<\/a> den <a target=\"_blank\" href=\"https:\/\/radlager-mtb.at\/trailbau\/\" >Enzi-Trail<\/a> auf der Grazer Platte im Rahmen einer tollen Feier offiziell er\u00f6ffnet. Das Trailbau-Projekt ist insofern etwas besonderes, als dass versucht wurde, auf die in \u00d6sterreich geltende Gesetzeslage (Mountainbiken ist auf Wander- und Forstwegen verboten) R\u00fccksicht zu nehmen und dementsprechende Vereinbarungen mit der Forstbeh\u00f6rde und den Grundst\u00fccksbesitzern vorab zu erwirken. Trotz einiger R\u00fcckschl\u00e4ge ist es den Vereinsmitgliedern gelungen das Projekt durchzuziehen und einen f\u00fcr uns Grazer Mountainbiker legal befahrbaren, abwechslungsreichen und mit viel Liebe zum Detail gebauten Trail fertigzustellen.<\/p>\n<p>Im Rahmen der Er\u00f6ffnung wurde der Trail von einer Vielzahl begeisterter Mountainbiker sozusagen &#8220;erstbefahren&#8221; und gemeinsam mit einigen anderen freiwilligen Fotografen wurde nat\u00fcrlich versucht die &#8220;Action&#8221; auf Fotos festzuhalten. Hier zwei meiner Lieblingsfotos davon!<\/p>\n<div id='gallery-1' class='gallery galleryid-3157 gallery-columns-3 gallery-size-thumbnail'><figure class='gallery-item'>\n\t\t\t<div class='gallery-icon landscape'>\n\t\t\t\t<a href=\"https:\/\/www.danielgander.com\/blog\/wp-content\/uploads\/2014\/10\/141018-1257_DSC_6887_E01.jpg\"  title=\"\" data-rl_title=\"\" class=\"rl-gallery-link\" data-rl_caption=\"\" data-rel=\"lightbox-gallery-1\"><img loading=\"lazy\" decoding=\"async\" width=\"150\" height=\"150\" src=\"https:\/\/www.danielgander.com\/blog\/wp-content\/uploads\/2014\/10\/141018-1257_DSC_6887_E01-150x150.jpg\" class=\"attachment-thumbnail size-thumbnail\" alt=\"\" \/><\/a>\n\t\t\t<\/div><\/figure><figure class='gallery-item'>\n\t\t\t<div class='gallery-icon landscape'>\n\t\t\t\t<a href=\"https:\/\/www.danielgander.com\/blog\/wp-content\/uploads\/2014\/10\/141018-1317_DSC_6913_E01.jpg\"  title=\"\" data-rl_title=\"\" class=\"rl-gallery-link\" data-rl_caption=\"\" data-rel=\"lightbox-gallery-1\"><img loading=\"lazy\" decoding=\"async\" width=\"150\" height=\"150\" src=\"https:\/\/www.danielgander.com\/blog\/wp-content\/uploads\/2014\/10\/141018-1317_DSC_6913_E01-150x150.jpg\" class=\"attachment-thumbnail size-thumbnail\" alt=\"\" \/><\/a>\n\t\t\t<\/div><\/figure>\n\t\t<\/div>\n\n","protected":false},"excerpt":{"rendered":"<p>Am vergangnen Wochenende hat der Radlager-MTB-Verein den Enzi-Trail auf der Grazer Platte im Rahmen einer tollen Feier offiziell er\u00f6ffnet. Das Trailbau-Projekt ist insofern etwas besonderes, als dass versucht wurde, auf die in \u00d6sterreich geltende Gesetzeslage (Mountainbiken ist auf Wander- und Forstwegen verboten) R\u00fccksicht zu nehmen und dementsprechende Vereinbarungen mit der Forstbeh\u00f6rde und den Grundst\u00fccksbesitzern vorab&hellip; <\/p>\n<p><a href=\"https:\/\/www.danielgander.com\/blog\/action\/sport\/enzi-trail\/\"  title='Permanent link to Enzi-Trail' class='more-link'>Continue Reading &rarr;<\/a><\/p>\n","protected":false},"author":5,"featured_media":3163,"comment_status":"open","ping_status":"open","sticky":false,"template":"","format":"standard","meta":{"footnotes":""},"categories":[27,10],"tags":[39,43],"class_list":["post-3157","post","type-post","status-publish","format-standard","has-post-thumbnail","hentry","category-action","category-sport","tag-bike","tag-graz","lock-1"],"_links":{"self":[{"href":"https:\/\/www.danielgander.com\/blog\/wp-json\/wp\/v2\/posts\/3157","targetHints":{"allow":["GET"]}}],"collection":[{"href":"https:\/\/www.danielgander.com\/blog\/wp-json\/wp\/v2\/posts"}],"about":[{"href":"https:\/\/www.danielgander.com\/blog\/wp-json\/wp\/v2\/types\/post"}],"author":[{"embeddable":true,"href":"https:\/\/www.danielgander.com\/blog\/wp-json\/wp\/v2\/users\/5"}],"replies":[{"embeddable":true,"href":"https:\/\/www.danielgander.com\/blog\/wp-json\/wp\/v2\/comments?post=3157"}],"version-history":[{"count":0,"href":"https:\/\/www.danielgander.com\/blog\/wp-json\/wp\/v2\/posts\/3157\/revisions"}],"wp:featuredmedia":[{"embeddable":true,"href":"https:\/\/www.danielgander.com\/blog\/wp-json\/wp\/v2\/media\/3163"}],"wp:attachment":[{"href":"https:\/\/www.danielgander.com\/blog\/wp-json\/wp\/v2\/media?parent=3157"}],"wp:term":[{"taxonomy":"category","embeddable":true,"href":"https:\/\/www.danielgander.com\/blog\/wp-json\/wp\/v2\/categories?post=3157"},{"taxonomy":"post_tag","embeddable":true,"href":"https:\/\/www.danielgander.com\/blog\/wp-json\/wp\/v2\/tags?post=3157"}],"curies":[{"name":"wp","href":"https:\/\/api.w.org\/{rel}","templated":true}]}}