{"id":301,"date":"2009-09-16T19:58:25","date_gmt":"2009-09-16T17:58:25","guid":{"rendered":"http:\/\/www.danielgander.com\/blog\/?p=301"},"modified":"2016-02-19T08:34:23","modified_gmt":"2016-02-19T07:34:23","slug":"den-mond-fotografieren","status":"publish","type":"post","link":"https:\/\/www.danielgander.com\/blog\/night\/den-mond-fotografieren\/","title":{"rendered":"Er\u00f6ffnungsartikel"},"content":{"rendered":"<p>Es ist soweit. Nachdem ich mich in den vergangenen Abenden mit WordPress und der Anpassung des <a href=\"http:\/\/allancole.com\/wordpress\/themes\/autofocus\"  target=\"_blank\">Autofocus-Themes<\/a> an mein gewohntes Farbschema besch\u00e4ftigt habe, m\u00f6chte ich nun meine Webpr\u00e4senz um diesen Blog erweitern. Bevor ich nun n\u00e4her auf den vorgesehenen Einsatzbereich eingehe, wage ich einen kurzen R\u00fcckblick in die Vergangenheit. Es ist sicherlich keine L\u00fcge, wenn ich behaupte, in den letzten 5 Jahren hunderte von Stunden an <a href=\"http:\/\/www.danielgander.com\/home\/home.php\"  target=\"_blank\">meiner Website<\/a> gearbeitet zu haben um sie immer wieder inhaltlich und grafisch zu erweitern. Der erste Eintrag in der <a href=\"http:\/\/www.danielgander.com\/home\/info\/updates.php\"  target=\"_blank\">Updates-History<\/a> ist vom 16. August 2004 (\u00fcbrigens auch der Geburtstag meiner Mutter), ich zitiere:<\/p>\n<blockquote><p>Schlagartige Idee eine neue Homepage zu programmieren. Ziellose Inspirationssuche im Internet. Kaum Befriedigung. Schlaflose Nacht.<\/p><\/blockquote>\n<p>Das war damals der Ausl\u00f6ser an einer anspruchsvollen Website zu arbeiten. Eigentlich war das sogar vor der Entdeckung meiner Leidenschaft f\u00fcr die Fotografie, denn meine erste Kamera (die Nikon D70) hab ich wenige Monate sp\u00e4ter, im Oktober 2004, von meinem Vater geschenkt bekommen. Zu Beginn bestand meine Website aus einer Plattform f\u00fcr meine <a href=\"http:\/\/www.danielgander.com\/home\/archive\/archive.php?menu_number=4&amp;submenu_number=0\"  target=\"_blank\">\u00dcbungsprogramme und Studienunterlagen<\/a>, einer Dokumentation meiner <a href=\"http:\/\/www.danielgander.com\/home\/archive\/archive.php?menu_number=4&amp;submenu_number=0\"  target=\"_blank\">Computer-Casemods<\/a> und einer Sammlung von <a href=\"http:\/\/www.danielgander.com\/home\/quotes\/moviequotes.php?menu_number=3&amp;submenu_number=0\"  target=\"_blank\">Filmzitaten<\/a>.<\/p>\n<p><a href=\"http:\/\/www.danielgander.com\/home\/info\/images\/Home@Daniel_2004-11.jpg\"  data-rel=\"lightbox-image-0\" data-rl_title=\"\" data-rl_caption=\"\"><img loading=\"lazy\" decoding=\"async\" class=\"alignleft\" title=\"\" src=\"http:\/\/www.danielgander.com\/home\/info\/images\/thumb\/Home@Daniel_2004-11.jpg\" alt=\"\" width=\"150\" height=\"121\" \/><\/a><\/p>\n<p>Hier mal ein Screenshot der ersten Version, nicht lachen! ;-) Vor allem die Farbwahl war am Anfang wohl nicht gerade das gelbe vom Ei&#8230; Nach und nach hat sich die Seite aber dann zu dem entwickelt was sie heute ist, ein Platz um <a href=\"http:\/\/www.danielgander.com\/home\/info\/aboutme.php?menu_number=1&amp;submenu_number=0\"  target=\"_blank\">mich<\/a> und meine Hobbys vorzustellen, mit 95% Gewicht auf die <a href=\"http:\/\/www.danielgander.com\/home\/photography\/bycategories.php?menu_number=2&amp;submenu_number=0\"  target=\"_blank\">Fotografie<\/a>. Vor ein paar Tagen hatte ich ganz unerwartet eine \u00e4hnliche Eingebung wie damals im August 2004. Mir ist schlagartig klar geworden, dass meine Website nicht mehr zeitgem\u00e4\u00df ist. Das Internet hat sich in den letzten Jahren rasant weiterentwickelt. Wir sprechen heute von Web 2.0, ich bezeichne es gerne als die <em>Facebook-\u00c4ra<\/em>. Man grast nicht mehr regelm\u00e4\u00dfig die eigenen 10 Lieblingsbookmarks ab. Das Internet ist interaktiver geworden. Neuigkeiten erf\u00e4hrt man \u00fcber Newsfeeds oder \u00fcber die <em>Wall<\/em>, man wird \u00fcber alles benachrichtigt oder anders gesagt regelrecht damit \u00fcbersch\u00fcttet und so bleibt f\u00fcr das Durchsuchen der Websites von Freunden und Bekannten nach m\u00f6glichen Neuigkeiten kaum noch Zeit. Ich bin da selbst keine Ausnahme. Ganz im Gegenteil. Ich komme mit dem Lesen meiner abonnierten Blogs und Newsfeeds kaum noch nach, wo soll ich da noch die Zeit finden nach Neuigkeiten auf den Websites von Freunden und Bekannten zu suchen? Erst gestern hat mir eine Freundin, der ich von meiner Idee einen Blog zu erstellen erz\u00e4hlt hab, mit folgenden Zeilen geantwortet:<\/p>\n<blockquote><p>Die Idee mit dem Photoblog finde ich sehr gut. Wenn ich davon ausgehe, dass ich darauf sehr gut reagiere, dann l\u00e4\u00dft das zwar noch keine R\u00fcckschl\u00fcsse auf die Allgemeinheit zu, aber immerhin denke ich auch, dass es die ansprechendere weil zeitgem\u00e4\u00dfere Variante ist und gestehe, dass ich lange nicht auf deiner HP war. (Schande!)<\/p><\/blockquote>\n<p>Kathrin hat mit diesen Zeilen nicht nur meine Entscheidung best\u00e4tigt sondern euch nun auch verraten was dieser Blog werden soll: <em>Ein Photoblog.<\/em><\/p>\n<p>Ihr werdet jetzt denken, Fotos gibts ja schon <em>en masse<\/em> auf meiner Website, wozu noch ein Blog? Nun, dieser Blog soll meine Website nicht ersetzen sondern vielmehr erg\u00e4nzen und vielleicht in Zukunft auch etwas entlasten. Meine Website bietet mir den Raum mich und meine Hobbys zu pr\u00e4sentieren und besonders was das Fotografieren betrifft, umfangreiche Gallerys komfortabel zeigen zu k\u00f6nnen. Einzelne Bilder gehen dabei aber leider aufgrund des mittlerweile fast schon un\u00fcbersichtliche Ausma\u00dfe annehmenden <a href=\"http:\/\/www.danielgander.com\/home\/photography\/bycategories.php?menu_number=2&amp;submenu_number=0\"  target=\"_blank\">Photography-Bereichs<\/a> gnadenlos unter. Eine Ausnahme bilden vielleicht die <a href=\"http:\/\/www.danielgander.com\/home\/photography\/gallery\/bindex_pics-of-month.php\"  target=\"_blank\">Fotos des Monats<\/a>, die es seit Oktober 2004 gibt und das Portfolio das immer am Jahresende online gestellt wird. Trotzdem gibt es keine M\u00f6glichkeit \u00fcber Bilder zu diskutieren, seine Meinung oder Fragen dazu zu \u00e4u\u00dfern. Mit diesem Blog soll diese L\u00fccke geschlossen werden und wieder das einzelne Bild in den Mittelpunkt r\u00fccken. Hier werde ich besondere Bilder in h\u00f6hererAufl\u00f6sung zeigen, erkl\u00e4ren wie sie entstanden sind und falls Interesse besteht auch mit Hilfe der Kommentierfunktion Fragen dazu beantworten. Ich m\u00f6chte mit diesem Blog und dem dazugeh\u00f6renden <a target=\"_blank\" href=\"http:\/\/feeds.feedburner.com\/danielgander\" >RSS-Feed<\/a> meinen Lesern die M\u00f6glichkeit geben sich \u00fcber neue Eintr\u00e4ge benachrichtigen zu lassen und ich m\u00f6chte auch Hinweise hinterlassen k\u00f6nnen, wenn es besondere Uploads oder neue Gallerys auf meiner Website gibt. Man k\u00f6nnte diesen Absatz somit folgenderma\u00dfen zusammenfassen:<\/p>\n<ul>\n<li>In diesem Blog wird es keinen Artikel ohne Foto geben (das l\u00e4sst Gott sei Dank auch das verwendete Theme nicht zu :-)<\/li>\n<li>Es wird aber auch keine Artikel mit mehr als 9 Fotos geben (ich hoffe ich halte mich daran)<\/li>\n<li>Die Themen denen ich mich hier widmen m\u00f6chte sind ausschlie\u00dflich fotografischen Ursprungs, werden aber sicher hin und wieder auch ins technische abschweifen (das l\u00e4sst sich bei meinem Interesse daf\u00fcr kaum vermeiden)<\/li>\n<\/ul>\n<h1>Den Mond fotografieren<\/h1>\n<p>Nach diesen einleitenden Worten (ist schon wer beim Lesen eingeschlafen?) m\u00f6chte ich nun abschlie\u00dfend noch auf das gezeigte Bild zu sprechen kommen: Ein Foto vom Mond. Ist daran etwas Besonderes? Eigentlich nicht, bis auf meine Vermutung, dass nicht jeder von euch sowas schon mal probiert hat &#8211; im Gegensatz zu Sonnenuntergangsfotos :-) Die einzigen Dinge die man f\u00fcr so ein Mondfoto ben\u00f6tigt sind:<\/p>\n<ul>\n<li>So viel Brennweite wie m\u00f6glich (hier 500mm an <a href=\"http:\/\/de.wikipedia.org\/wiki\/Cropfaktor\"  target=\"_blank\">DX<\/a>, allerdings recht stark beschnitten)<\/li>\n<li>Ausnahmsweise so viel Megapixel wie m\u00f6glich (weil sie hier als Brennweitenersatz dienen)<\/li>\n<li>Ein stabiles Stativ und die richtige Mondphase<\/li>\n<\/ul>\n<p>Mein Mondfoto habe ich im manuellen Modus mit der Nikon D70 aufgenommen (weil es meine Kamera mit der h\u00f6chsten Aufl\u00f6sung ist). Manuell deshalb, weil der Belichtungsmesser in dieser Situation ziemlich sicher versagen w\u00fcrde. Der Mond leuchtet viel zu stark und der Hintergrund ist zu dunkel, d.h. Matrix- und Integralmessung sind ungeeignet, Spotmessung mit einer entsprechenden Belichtungskorrektur w\u00fcrden sich eignen, man ist aber manuell de facto genauso schnell. Da man sowieso vom Stativ fotografiert und das Motiv deshalb nicht verwackelt werden kann (abgesehen von den Vibrationen ausgel\u00f6st durch den Spiegelschlag, hier empfiehlt es sich falls vorhanden die Spiegelvorausl\u00f6sung zu verwenden), spielt die Belichtungszeit eine untergeordnete Rolle. W\u00fcrde man in Regionen kommen, in denen das Motiv durch die Eigenbewegung eine Bewegungsunsch\u00e4rfe hervorrufen kann, m\u00fcsste man auch das ber\u00fccksichtigen. Aber der Mond ist zum Gl\u00fcck hell genug, man kommt nicht in Bereiche in denen seine Bewegung zu einer Bewegungsunsch\u00e4rfe f\u00fchrt. Ich habe also eine Blende gew\u00e4hlt die am verwendeten Objektiv ein m\u00f6glichst scharfes Ergebnis liefert um so viele Details wie m\u00f6glich von der Mondoberfl\u00e4che einfangen zu k\u00f6nnen (in der Regel einfach 1-2 Blenden abblenden) und mich dann an die richtige Belichtungszeit mit ein paar Testfotos und Kontrolle am Display herangetastet. Als richtige Belichtungszeit-\/Blendenkombination hat sich schlie\u00dflich Blende 11, bei 1\/160s und ISO 200 herausgestellt.<\/p>\n<p>Damit bin ich am Ende meines Er\u00f6ffnungsartikels. Herzlichen Dank an diejenigen die bis hierher gelesen haben (allen anderen nat\u00fcrlich auch ;-). Selbstverst\u00e4ndlich w\u00fcrde ich mich \u00fcber Kommentare freuen!<\/p>\n","protected":false},"excerpt":{"rendered":"<p>Es ist soweit. Nachdem ich mich in den vergangenen Abenden mit WordPress und der Anpassung des Autofocus-Themes an mein gewohntes Farbschema besch\u00e4ftigt habe, m\u00f6chte ich nun meine Webpr\u00e4senz um diesen Blog erweitern. Bevor ich nun n\u00e4her auf den vorgesehenen Einsatzbereich eingehe, wage ich einen kurzen R\u00fcckblick in die Vergangenheit. Es ist sicherlich keine L\u00fcge, wenn&hellip; <\/p>\n<p><a href=\"https:\/\/www.danielgander.com\/blog\/night\/den-mond-fotografieren\/\"  title='Permanent link to Er\u00f6ffnungsartikel' class='more-link'>Continue Reading &rarr;<\/a><\/p>\n","protected":false},"author":5,"featured_media":366,"comment_status":"open","ping_status":"open","sticky":false,"template":"","format":"standard","meta":{"footnotes":""},"categories":[3],"tags":[60],"class_list":["post-301","post","type-post","status-publish","format-standard","has-post-thumbnail","hentry","category-night","tag-moon","lock-1"],"_links":{"self":[{"href":"https:\/\/www.danielgander.com\/blog\/wp-json\/wp\/v2\/posts\/301","targetHints":{"allow":["GET"]}}],"collection":[{"href":"https:\/\/www.danielgander.com\/blog\/wp-json\/wp\/v2\/posts"}],"about":[{"href":"https:\/\/www.danielgander.com\/blog\/wp-json\/wp\/v2\/types\/post"}],"author":[{"embeddable":true,"href":"https:\/\/www.danielgander.com\/blog\/wp-json\/wp\/v2\/users\/5"}],"replies":[{"embeddable":true,"href":"https:\/\/www.danielgander.com\/blog\/wp-json\/wp\/v2\/comments?post=301"}],"version-history":[{"count":0,"href":"https:\/\/www.danielgander.com\/blog\/wp-json\/wp\/v2\/posts\/301\/revisions"}],"wp:featuredmedia":[{"embeddable":true,"href":"https:\/\/www.danielgander.com\/blog\/wp-json\/wp\/v2\/media\/366"}],"wp:attachment":[{"href":"https:\/\/www.danielgander.com\/blog\/wp-json\/wp\/v2\/media?parent=301"}],"wp:term":[{"taxonomy":"category","embeddable":true,"href":"https:\/\/www.danielgander.com\/blog\/wp-json\/wp\/v2\/categories?post=301"},{"taxonomy":"post_tag","embeddable":true,"href":"https:\/\/www.danielgander.com\/blog\/wp-json\/wp\/v2\/tags?post=301"}],"curies":[{"name":"wp","href":"https:\/\/api.w.org\/{rel}","templated":true}]}}