{"id":3003,"date":"2013-12-28T10:06:07","date_gmt":"2013-12-28T09:06:07","guid":{"rendered":"http:\/\/www.danielgander.com\/blog\/?p=3003"},"modified":"2016-02-05T10:51:50","modified_gmt":"2016-02-05T09:51:50","slug":"startrails-prad-stilfserjoch","status":"publish","type":"post","link":"https:\/\/www.danielgander.com\/blog\/night\/startrails-prad-stilfserjoch\/","title":{"rendered":"Cold and Clear"},"content":{"rendered":"<p>Schon seit einigen Tagen hatte ich die Idee in einer klaren Nacht wieder einmal <em>Startrails<\/em> zu fotografieren. Die letzten Tage vor Weihnachten in Graz waren meistens vernebelt und auch mit vorweihnachtlichem Stress gut gef\u00fcllt. So musste ich die Sternenspuren erst mal verschieben und auf die Feiertage zu Hause in S\u00fcdtirol hoffen. Aber auch die ersten Tage daheim im Vinschgau verliefen eher tr\u00fcb und vernebelt. Gestern Nacht hatte ich nun endlich Gl\u00fcck und so kann ich euch heute ein Foto meines Heimatortes Prad am Stilfserjoch unter dem abendlichen Sternenhimmel zeigen. Im Vordergrund seht ihr die \u00e4lteste der 3 Kirchen im Ort &#8211; die St. Johann Kirche. Das Foto ist &#8211; genau wie das letzte <a href=\"https:\/\/www.danielgander.com\/blog\/night\/sternenspuren-reloaded\/\" title=\"Sternenspuren *reloaded*\" >Foto mit Sternenspuren<\/a> &#8211; 30 Minuten lang belichtet. L\u00e4nger habe ich es im kn\u00f6cheltiefen Neuschnee leider nicht ausgehalten&#8230; ;-)<\/p>\n<p>Da dies h\u00f6chstwahrscheinlich der letzte Blogeintrag in diesem Jahr ist, m\u00f6chte ich die Gelegenheit nutzen und allen Lesern einen guten Rutsch und ein gl\u00fcckliches neues Jahr w\u00fcnschen! Es w\u00fcrde mich freuen, wenn ihr auch im n\u00e4chsten Jahr hin und wieder hier vorbei schaut.<\/p>\n","protected":false},"excerpt":{"rendered":"<p>Schon seit einigen Tagen hatte ich die Idee in einer klaren Nacht wieder einmal Startrails zu fotografieren. Die letzten Tage vor Weihnachten in Graz waren meistens vernebelt und auch mit vorweihnachtlichem Stress gut gef\u00fcllt. So musste ich die Sternenspuren erst mal verschieben und auf die Feiertage zu Hause in S\u00fcdtirol hoffen. Aber auch die ersten&hellip; <\/p>\n<p><a href=\"https:\/\/www.danielgander.com\/blog\/night\/startrails-prad-stilfserjoch\/\"  title='Permanent link to Cold and Clear' class='more-link'>Continue Reading &rarr;<\/a><\/p>\n","protected":false},"author":5,"featured_media":3004,"comment_status":"open","ping_status":"open","sticky":false,"template":"","format":"standard","meta":{"footnotes":""},"categories":[3],"tags":[37],"class_list":["post-3003","post","type-post","status-publish","format-standard","has-post-thumbnail","hentry","category-night","tag-startrails","lock-1"],"_links":{"self":[{"href":"https:\/\/www.danielgander.com\/blog\/wp-json\/wp\/v2\/posts\/3003","targetHints":{"allow":["GET"]}}],"collection":[{"href":"https:\/\/www.danielgander.com\/blog\/wp-json\/wp\/v2\/posts"}],"about":[{"href":"https:\/\/www.danielgander.com\/blog\/wp-json\/wp\/v2\/types\/post"}],"author":[{"embeddable":true,"href":"https:\/\/www.danielgander.com\/blog\/wp-json\/wp\/v2\/users\/5"}],"replies":[{"embeddable":true,"href":"https:\/\/www.danielgander.com\/blog\/wp-json\/wp\/v2\/comments?post=3003"}],"version-history":[{"count":0,"href":"https:\/\/www.danielgander.com\/blog\/wp-json\/wp\/v2\/posts\/3003\/revisions"}],"wp:featuredmedia":[{"embeddable":true,"href":"https:\/\/www.danielgander.com\/blog\/wp-json\/wp\/v2\/media\/3004"}],"wp:attachment":[{"href":"https:\/\/www.danielgander.com\/blog\/wp-json\/wp\/v2\/media?parent=3003"}],"wp:term":[{"taxonomy":"category","embeddable":true,"href":"https:\/\/www.danielgander.com\/blog\/wp-json\/wp\/v2\/categories?post=3003"},{"taxonomy":"post_tag","embeddable":true,"href":"https:\/\/www.danielgander.com\/blog\/wp-json\/wp\/v2\/tags?post=3003"}],"curies":[{"name":"wp","href":"https:\/\/api.w.org\/{rel}","templated":true}]}}