{"id":2976,"date":"2013-11-16T19:39:37","date_gmt":"2013-11-16T18:39:37","guid":{"rendered":"http:\/\/www.danielgander.com\/blog\/?p=2976"},"modified":"2016-02-08T15:01:26","modified_gmt":"2016-02-08T14:01:26","slug":"catedral-de-evora","status":"publish","type":"post","link":"https:\/\/www.danielgander.com\/blog\/buildings\/catedral-de-evora\/","title":{"rendered":"Catedral de \u00c9vora"},"content":{"rendered":"<p><a href=\"https:\/\/maps.google.de\/maps?q=evora+portugal&amp;hl=de&amp;hnear=Evora,+Portugal&amp;t=m&amp;z=12\" title=\"Evora - Google Maps\"  target=\"_blank\">\u00c9vora<\/a> ist ein verschlafenes Nest mit 50.000 Einwohnern ;-) mitten in Portugal, \u00f6stlich von Lissabon. Eigentlich ist es sogar eine Provinzhauptstadt und der historische Ortskern geh\u00f6rt zum UNESCO Weltkulturerbe &#8211; aber in meiner Erinnerung ist es eben trotzdem ein Nest. Eines dieser sehenswerten historischen Bauwerke ist die Kathedrale, hier zwei Fotos, die mir besonders gut gefallen.<\/p>\n<div id='gallery-1' class='gallery galleryid-2976 gallery-columns-3 gallery-size-thumbnail'><figure class='gallery-item'>\n\t\t\t<div class='gallery-icon portrait'>\n\t\t\t\t<a href=\"https:\/\/www.danielgander.com\/blog\/wp-content\/uploads\/2013\/11\/120513-1527_DSC_0311_E01.jpg\"  title=\"\" data-rl_title=\"\" class=\"rl-gallery-link\" data-rl_caption=\"\" data-rel=\"lightbox-gallery-1\"><img loading=\"lazy\" decoding=\"async\" width=\"150\" height=\"150\" src=\"https:\/\/www.danielgander.com\/blog\/wp-content\/uploads\/2013\/11\/120513-1527_DSC_0311_E01-150x150.jpg\" class=\"attachment-thumbnail size-thumbnail\" alt=\"\" \/><\/a>\n\t\t\t<\/div><\/figure><figure class='gallery-item'>\n\t\t\t<div class='gallery-icon portrait'>\n\t\t\t\t<a href=\"https:\/\/www.danielgander.com\/blog\/wp-content\/uploads\/2013\/11\/120513-1528_DSC_0315_E01.jpg\"  title=\"\" data-rl_title=\"\" class=\"rl-gallery-link\" data-rl_caption=\"\" data-rel=\"lightbox-gallery-1\"><img loading=\"lazy\" decoding=\"async\" width=\"150\" height=\"150\" src=\"https:\/\/www.danielgander.com\/blog\/wp-content\/uploads\/2013\/11\/120513-1528_DSC_0315_E01-150x150.jpg\" class=\"attachment-thumbnail size-thumbnail\" alt=\"\" \/><\/a>\n\t\t\t<\/div><\/figure>\n\t\t<\/div>\n\n","protected":false},"excerpt":{"rendered":"<p>\u00c9vora ist ein verschlafenes Nest mit 50.000 Einwohnern ;-) mitten in Portugal, \u00f6stlich von Lissabon. Eigentlich ist es sogar eine Provinzhauptstadt und der historische Ortskern geh\u00f6rt zum UNESCO Weltkulturerbe &#8211; aber in meiner Erinnerung ist es eben trotzdem ein Nest. Eines dieser sehenswerten historischen Bauwerke ist die Kathedrale, hier zwei Fotos, die mir besonders gut&hellip; <\/p>\n<p><a href=\"https:\/\/www.danielgander.com\/blog\/buildings\/catedral-de-evora\/\"  title='Permanent link to Catedral de \u00c9vora' class='more-link'>Continue Reading &rarr;<\/a><\/p>\n","protected":false},"author":5,"featured_media":2978,"comment_status":"open","ping_status":"open","sticky":false,"template":"","format":"standard","meta":{"footnotes":""},"categories":[9],"tags":[59],"class_list":["post-2976","post","type-post","status-publish","format-standard","has-post-thumbnail","hentry","category-buildings","tag-portugal","lock-1"],"_links":{"self":[{"href":"https:\/\/www.danielgander.com\/blog\/wp-json\/wp\/v2\/posts\/2976","targetHints":{"allow":["GET"]}}],"collection":[{"href":"https:\/\/www.danielgander.com\/blog\/wp-json\/wp\/v2\/posts"}],"about":[{"href":"https:\/\/www.danielgander.com\/blog\/wp-json\/wp\/v2\/types\/post"}],"author":[{"embeddable":true,"href":"https:\/\/www.danielgander.com\/blog\/wp-json\/wp\/v2\/users\/5"}],"replies":[{"embeddable":true,"href":"https:\/\/www.danielgander.com\/blog\/wp-json\/wp\/v2\/comments?post=2976"}],"version-history":[{"count":0,"href":"https:\/\/www.danielgander.com\/blog\/wp-json\/wp\/v2\/posts\/2976\/revisions"}],"wp:featuredmedia":[{"embeddable":true,"href":"https:\/\/www.danielgander.com\/blog\/wp-json\/wp\/v2\/media\/2978"}],"wp:attachment":[{"href":"https:\/\/www.danielgander.com\/blog\/wp-json\/wp\/v2\/media?parent=2976"}],"wp:term":[{"taxonomy":"category","embeddable":true,"href":"https:\/\/www.danielgander.com\/blog\/wp-json\/wp\/v2\/categories?post=2976"},{"taxonomy":"post_tag","embeddable":true,"href":"https:\/\/www.danielgander.com\/blog\/wp-json\/wp\/v2\/tags?post=2976"}],"curies":[{"name":"wp","href":"https:\/\/api.w.org\/{rel}","templated":true}]}}