{"id":2796,"date":"2012-11-12T22:12:47","date_gmt":"2012-11-12T21:12:47","guid":{"rendered":"http:\/\/www.danielgander.com\/blog\/?p=2796"},"modified":"2016-02-08T14:58:45","modified_gmt":"2016-02-08T13:58:45","slug":"24-hours-24-emotions-intro","status":"publish","type":"post","link":"https:\/\/www.danielgander.com\/blog\/street\/24-hours-24-emotions-intro\/","title":{"rendered":"24 hours &#8211; 24 emotions @ 6pm &#8211; Intro"},"content":{"rendered":"<p>18 Uhr ist eine ganz besondere Uhrzeit um im Freien zu sein. Zu diesem Schluss bin ich gestern gemeinsam mit einer lieben Freundin gekommen. Warum? Nun, im Herbst ist es die Zeit nach Sonnenuntergang, an der man bei Sch\u00f6nwetter zum Einen eine wundervolle abendliche Stimmung und zum Anderen im Gastgarten am Schlossberg unter einer wohlig warmen Decke noch die letzten Tropfen des &#8220;Nachmittagsspaziergang-Kaffees&#8221; genie\u00dfen kann. In der Vorweihnachtszeit trifft man sich vielleicht gerade mit Freunden zum gemeinsamen Plaudern und Gl\u00fchwein trinken. Im Fr\u00fchjahr, wenn die Tage wieder l\u00e4nger werden, schafft man es, die allt\u00e4gliche After-Work-Outdoor-Sportbet\u00e4tigung zum Gl\u00fcck wieder ohne Verwendung einer Helm- oder Stirnlampe zu genie\u00dfen und im Sommer freut man sich &#8211; entspannt auf einer Decke oder am See liegend und mit der Hand den R\u00fccken eines lieben Menschen streichelnd &#8211; dass die dr\u00fcckende Nachmittagshitze endlich ertr\u00e4glicher wird&#8230;<\/p>\n<p>Was hat das alles mit Fotografie zu tun? Auf den ersten Blick: gar nichts.<\/p>\n<p>Dieses &#8220;Herumphilosophieren&#8221; hat mich aber auf die folgende Idee f\u00fcr eine Fotoserie gebracht: Wie w\u00e4re es, wenn man die eigene Fotosammlung einmal nicht nach den sonst \u00fcblichen Gesichtspunkten &#8220;Event, Erlebnis, Ort oder Thema&#8221; sondern rein nach dem Filterkriterium &#8220;Uhrzeit&#8221; betrachtet? Ziel dieses Artikels soll also sein, aus allen Fotos die irgendwann einmal zwischen 18:00 und 18:59 Uhr entstanden sind, eines auszuw\u00e4hlen und zu ver\u00f6ffentlichen. Dass sich daraus, unter der Voraussetzung, dass man f\u00fcr jede Stunde ein paar Fotos zur Auswahl hat, sehr leicht eine Serie mit 24 Fotos machen l\u00e4sst, ist naheliegend.<\/p>\n<blockquote><p>Ein Bild f\u00fcr jede Stunde des Tages.<\/p><\/blockquote>\n<p>Gesagt, getan &#8211; Datenbanken k\u00f6nnen solche Fragestellung zum Gl\u00fcck ja mit ein paar Klicks beantworten. Doch bereits die erste Abfrage bremste meine anf\u00e4ngliche Begeisterung: \u00fcber 4800 Treffer! Gibts doch nicht&#8230; ich scrollte \u00fcber den Bildschirm und wurde mit den unterschiedlichsten Motiven bombardiert. Nackte Haut, M\u00fcll, Gruppenfotos, M\u00fcll, Nachtaufnahmen, Urlaubsschnappsch\u00fcsse, M\u00fcll, Sonnenuntergang, M\u00fcll, Testbilder von Kamera- und Objektivtests&#8230; wie in aller Welt sollte ich daraus nun mein 18-Uhr-Foto aussuchen? Es war schon sehr sp\u00e4t und so legte ich die Idee vor\u00fcbergehend beiseite.<\/p>\n<h1>Der Auswahlprozess<\/h1>\n<p>Nachdem ich nun eine Nacht dar\u00fcber geschlafen hatte, ist mir klar geworden, dass mir bereits der erste Absatz in diesem Artikel, die vollst\u00e4ndige Antwort auf das passende Auswahlkriterium liefert. F\u00fcr uns machten gestern Erinnerungen aus der Vergangenheit und Gef\u00fchle aus der Gegenwart diese 18-Uhr-Stunde zu etwas ganz Besonderem. Mit einem Wort: Emotionen. Das einzige richtige Auswahlkriterium kann also nur eine Emotion sein. Dass das Betrachten von Fotos Emotionen ausl\u00f6sen kann, ist nichts Neues. Unterscheiden muss man sie meiner Meinung nach wie folgt:<\/p>\n<ul>\n<li>die Emotionen eines Au\u00dfenstehenden also eines unabh\u00e4ngigen Betrachters<\/li>\n<li>die Emotionen einer Person die w\u00e4hrend der Erstellung des Fotos anwesend war, also den Moment sozusagen miterlebt hat<\/li>\n<li>die Emotionen des Fotografen selbst, also meine Erinnerung an den Moment an dem ich das Foto gemacht habe. Dabei dr\u00e4ngte sich bei mir sofort die Frage auf: Entsprechen MEINE Emotionen bei der Betrachtung eines MEINER Fotos den Emotionen die mich dazu gebracht haben den Ausl\u00f6ser zu dr\u00fccken?<\/li>\n<\/ul>\n<p>Zweifelsohne wurden hier zahlreiche Fotos nicht nur deshalb ver\u00f6ffentlicht, weil sie mir gefallen, sondern auch um bei euch gezielt bestimmte Emotionen zu erzeugen.<\/p>\n<blockquote><p>Ich fotografiere weil ich nicht singen kann.<\/p><\/blockquote>\n<p>Es ist einfach eine besondere Art mich auszudr\u00fccken. Genau dies versuche ich bei dieser Serie nun aber auszuklammern. Ich m\u00f6chte einfach Fotos ausw\u00e4hlen, die mich an einen besonderen Moment in meinem Leben erinnern, einen Moment an dem ich besonders gef\u00fchlt habe oder im nachhinein besonders f\u00fchle, ein Moment der es Wert ist geteilt zu werden&#8230;<\/p>\n<p>Ich glaube das wird eine sehr pers\u00f6nliche Serie&#8230;<\/p>\n<p>Ich setzte an dem Punkt fort wo ich am Abend zuvor aufgeh\u00f6rt hatte. 4800 Treffer, chronologisch sortiert, die \u00e4ltesten Fotos zuerst. Ich begann wieder mit dem Scrollen. Ich versuchte mich auf einzelne Thumbnails zu konzentrieren und mich sofort an den Moment zu erinnern&#8230; gleichzeitig sp\u00fcrte ich wie eine unglaubliche Reihe von Emotionen auf mich einwirkten. Erlebtes und Gef\u00fchltes aus meiner Vergangenheit sprang mir beim Durchscrollen wie im Zeitraffer entgegen und die unterschiedlichsten Gef\u00fchle wechselten sich rasend schnell ab. Je l\u00e4nger ich scrollte und je intensiver ich mich auf einzelne Thumbnails konzentrierte desto intensiver wurden die Emotionen. Ich konnte mein Herz nicht nur schlagen h\u00f6ren, sondern ich konnte es richtig f\u00fchlen. Ich beobachtete mich dabei bei welchen Fotos ich inne hielt und sie vielleicht sogar vergr\u00f6\u00dferte um sie in voller Bildschirmgr\u00f6\u00dfe auf mich wirken zu lassen. Meistens waren es Menschen aus meinem Umfeld zu denen ich eine besondere Beziehung habe oder hatte, oder aber Fotos mit denen ich ein besonderes Erlebnis verband. Fotos von fremden Leuten, auch wenn sie aus fotografischer Sicht herzeigbar waren, ber\u00fchrten mich \u00fcberhaupt nicht. Unfassbar wieviele Momente in meinem Leben mit diesem Filter &#8220;18 Uhr&#8221; pl\u00f6tzlich vereint wurden.<\/p>\n<p>Pl\u00f6tzlich \u00fcberkamen mich Zweifel. Hatte ich das Auswahlkriterium wirklich richtig ausgew\u00e4hlt? Die Fotos die mich an die pers\u00f6nlichsten Beziehungen erinnerten ber\u00fchrten mich am allermeisten und w\u00fcrde ich auf diese Art und Weise fortfahren, w\u00e4ren es zwangsweise genau diese Bilder die ich ausw\u00e4hlen und \u00fcber die ich schreiben w\u00fcrde. Geh\u00f6ren derartig pers\u00f6nliche Dinge in einen \u00f6ffentlichen Blog? Ich dachte eine Weile dar\u00fcber nach und kam zum Schluss, dass ich versuchen musste einen Kompromiss zu finden. Ich musste versuchen Bilder auszuw\u00e4hlen die mich zwar emotional ansprachen, aber deren Hintergrund und Geschichte trotzdem nicht zu pers\u00f6nlich waren, um dar\u00fcber in der \u00d6ffentlichkeit zu schreiben. Trotzdem komme ich w\u00e4hrend der Auswahl der Bilder in den Genuss mich an die pers\u00f6nlichsten Momente nocheinmal neu zu erinneren und in sie hineinzuf\u00fchlen. Was f\u00fcr ein Mehrwert :-)<\/p>\n<p>Bis zu diesem Zeitpunkt, war ich mir nicht sicher, dass dieser Artikel jemals online gehen wird &#8211; jetzt bin ich es.<\/p>\n<h1>18 Uhr<\/h1>\n<p>Das abgebildete Foto ist am 10. Juli 2009 um 18:03 Uhr im Hafen von Triest entstanden. Es war der letzte Tag eines wundervollen Urlaubs mit\u00a0 Freunden. Kai, Uli, Thomas, Martha, Gerald, Alex und Anja. Die letzten Tage waren wir nur noch zu viert. Kai, Uli, Anja und ich. Die Gedanken an diesen unbeschwerten Urlaub, das Herumbl\u00f6deln und Grimassen schneiden vor der Kamera, das Herumturnen am Boot, die Sonnenunterg\u00e4nge in Rovinj und der Spaziergang durch Triest bringen mich gerade so richtig zum L\u00e4cheln :-)<\/p>\n<blockquote><p>Das Leben ist sch\u00f6n.<\/p><\/blockquote>\n","protected":false},"excerpt":{"rendered":"<p>18 Uhr ist eine ganz besondere Uhrzeit um im Freien zu sein. Zu diesem Schluss bin ich gestern gemeinsam mit einer lieben Freundin gekommen. Warum? Nun, im Herbst ist es die Zeit nach Sonnenuntergang, an der man bei Sch\u00f6nwetter zum Einen eine wundervolle abendliche Stimmung und zum Anderen im Gastgarten am Schlossberg unter einer wohlig&hellip; <\/p>\n<p><a href=\"https:\/\/www.danielgander.com\/blog\/street\/24-hours-24-emotions-intro\/\"  title='Permanent link to 24 hours - 24 emotions @ 6pm - Intro' class='more-link'>Continue Reading &rarr;<\/a><\/p>\n","protected":false},"author":5,"featured_media":2824,"comment_status":"open","ping_status":"open","sticky":false,"template":"","format":"standard","meta":{"footnotes":""},"categories":[8],"tags":[32,62,50],"class_list":["post-2796","post","type-post","status-publish","format-standard","has-post-thumbnail","hentry","category-street","tag-24-emotions","tag-italy","tag-water","lock-1"],"_links":{"self":[{"href":"https:\/\/www.danielgander.com\/blog\/wp-json\/wp\/v2\/posts\/2796","targetHints":{"allow":["GET"]}}],"collection":[{"href":"https:\/\/www.danielgander.com\/blog\/wp-json\/wp\/v2\/posts"}],"about":[{"href":"https:\/\/www.danielgander.com\/blog\/wp-json\/wp\/v2\/types\/post"}],"author":[{"embeddable":true,"href":"https:\/\/www.danielgander.com\/blog\/wp-json\/wp\/v2\/users\/5"}],"replies":[{"embeddable":true,"href":"https:\/\/www.danielgander.com\/blog\/wp-json\/wp\/v2\/comments?post=2796"}],"version-history":[{"count":0,"href":"https:\/\/www.danielgander.com\/blog\/wp-json\/wp\/v2\/posts\/2796\/revisions"}],"wp:featuredmedia":[{"embeddable":true,"href":"https:\/\/www.danielgander.com\/blog\/wp-json\/wp\/v2\/media\/2824"}],"wp:attachment":[{"href":"https:\/\/www.danielgander.com\/blog\/wp-json\/wp\/v2\/media?parent=2796"}],"wp:term":[{"taxonomy":"category","embeddable":true,"href":"https:\/\/www.danielgander.com\/blog\/wp-json\/wp\/v2\/categories?post=2796"},{"taxonomy":"post_tag","embeddable":true,"href":"https:\/\/www.danielgander.com\/blog\/wp-json\/wp\/v2\/tags?post=2796"}],"curies":[{"name":"wp","href":"https:\/\/api.w.org\/{rel}","templated":true}]}}