{"id":2473,"date":"2012-09-07T15:13:23","date_gmt":"2012-09-07T13:13:23","guid":{"rendered":"http:\/\/www.danielgander.com\/blog\/?p=2473"},"modified":"2016-02-05T16:16:32","modified_gmt":"2016-02-05T15:16:32","slug":"miriam","status":"publish","type":"post","link":"https:\/\/www.danielgander.com\/blog\/people\/portraits\/miriam\/","title":{"rendered":"Miriam"},"content":{"rendered":"<p>Ein verregneter Sonntag im August in Wien, zwei nicht ganz ausgeschlafene M\u00f6chtegern-Fotografen und eine motivierte, junge, dunkelhaarige Sch\u00f6nheit. Hier seht ihr die ersten Fotos eines lustigen Fotoshootings mit Adnan und Miriam. Danke euch beiden f\u00fcr den netten Tag!<\/p>\n<div id='gallery-1' class='gallery galleryid-2473 gallery-columns-3 gallery-size-thumbnail'><figure class='gallery-item'>\n\t\t\t<div class='gallery-icon portrait'>\n\t\t\t\t<a href=\"https:\/\/www.danielgander.com\/blog\/wp-content\/uploads\/2012\/09\/120826-1627_DSC_8319_E01.jpg\"  title=\"\" data-rl_title=\"\" class=\"rl-gallery-link\" data-rl_caption=\"\" data-rel=\"lightbox-gallery-1\"><img loading=\"lazy\" decoding=\"async\" width=\"150\" height=\"150\" src=\"https:\/\/www.danielgander.com\/blog\/wp-content\/uploads\/2012\/09\/120826-1627_DSC_8319_E01-150x150.jpg\" class=\"attachment-thumbnail size-thumbnail\" alt=\"\" \/><\/a>\n\t\t\t<\/div><\/figure><figure class='gallery-item'>\n\t\t\t<div class='gallery-icon landscape'>\n\t\t\t\t<a href=\"https:\/\/www.danielgander.com\/blog\/wp-content\/uploads\/2012\/09\/120826-1640_DSC_8345_E01.jpg\"  title=\"\" data-rl_title=\"\" class=\"rl-gallery-link\" data-rl_caption=\"\" data-rel=\"lightbox-gallery-1\"><img loading=\"lazy\" decoding=\"async\" width=\"150\" height=\"150\" src=\"https:\/\/www.danielgander.com\/blog\/wp-content\/uploads\/2012\/09\/120826-1640_DSC_8345_E01-150x150.jpg\" class=\"attachment-thumbnail size-thumbnail\" alt=\"\" \/><\/a>\n\t\t\t<\/div><\/figure><figure class='gallery-item'>\n\t\t\t<div class='gallery-icon portrait'>\n\t\t\t\t<a href=\"https:\/\/www.danielgander.com\/blog\/wp-content\/uploads\/2012\/09\/120826-1613_DSC_8309_E01.jpg\"  title=\"\" data-rl_title=\"\" class=\"rl-gallery-link\" data-rl_caption=\"\" data-rel=\"lightbox-gallery-1\"><img loading=\"lazy\" decoding=\"async\" width=\"150\" height=\"150\" src=\"https:\/\/www.danielgander.com\/blog\/wp-content\/uploads\/2012\/09\/120826-1613_DSC_8309_E01-150x150.jpg\" class=\"attachment-thumbnail size-thumbnail\" alt=\"\" \/><\/a>\n\t\t\t<\/div><\/figure><figure class='gallery-item'>\n\t\t\t<div class='gallery-icon portrait'>\n\t\t\t\t<a href=\"https:\/\/www.danielgander.com\/blog\/wp-content\/uploads\/2012\/09\/120826-1634_DSC_8326_E01.jpg\"  title=\"\" data-rl_title=\"\" class=\"rl-gallery-link\" data-rl_caption=\"\" data-rel=\"lightbox-gallery-1\"><img loading=\"lazy\" decoding=\"async\" width=\"150\" height=\"150\" src=\"https:\/\/www.danielgander.com\/blog\/wp-content\/uploads\/2012\/09\/120826-1634_DSC_8326_E01-150x150.jpg\" class=\"attachment-thumbnail size-thumbnail\" alt=\"\" \/><\/a>\n\t\t\t<\/div><\/figure><figure class='gallery-item'>\n\t\t\t<div class='gallery-icon portrait'>\n\t\t\t\t<a href=\"https:\/\/www.danielgander.com\/blog\/wp-content\/uploads\/2012\/09\/120826-1629_DSC_8322_E01.jpg\"  title=\"\" data-rl_title=\"\" class=\"rl-gallery-link\" data-rl_caption=\"\" data-rel=\"lightbox-gallery-1\"><img loading=\"lazy\" decoding=\"async\" width=\"150\" height=\"150\" src=\"https:\/\/www.danielgander.com\/blog\/wp-content\/uploads\/2012\/09\/120826-1629_DSC_8322_E01-150x150.jpg\" class=\"attachment-thumbnail size-thumbnail\" alt=\"\" \/><\/a>\n\t\t\t<\/div><\/figure>\n\t\t<\/div>\n\n","protected":false},"excerpt":{"rendered":"<p>Ein verregneter Sonntag im August in Wien, zwei nicht ganz ausgeschlafene M\u00f6chtegern-Fotografen und eine motivierte, junge, dunkelhaarige Sch\u00f6nheit. Hier seht ihr die ersten Fotos eines lustigen Fotoshootings mit Adnan und Miriam. Danke euch beiden f\u00fcr den netten Tag!<\/p>\n","protected":false},"author":5,"featured_media":2478,"comment_status":"open","ping_status":"open","sticky":false,"template":"","format":"standard","meta":{"footnotes":""},"categories":[11,24],"tags":[],"class_list":["post-2473","post","type-post","status-publish","format-standard","has-post-thumbnail","hentry","category-portraits","category-shootings","lock-1"],"_links":{"self":[{"href":"https:\/\/www.danielgander.com\/blog\/wp-json\/wp\/v2\/posts\/2473","targetHints":{"allow":["GET"]}}],"collection":[{"href":"https:\/\/www.danielgander.com\/blog\/wp-json\/wp\/v2\/posts"}],"about":[{"href":"https:\/\/www.danielgander.com\/blog\/wp-json\/wp\/v2\/types\/post"}],"author":[{"embeddable":true,"href":"https:\/\/www.danielgander.com\/blog\/wp-json\/wp\/v2\/users\/5"}],"replies":[{"embeddable":true,"href":"https:\/\/www.danielgander.com\/blog\/wp-json\/wp\/v2\/comments?post=2473"}],"version-history":[{"count":0,"href":"https:\/\/www.danielgander.com\/blog\/wp-json\/wp\/v2\/posts\/2473\/revisions"}],"wp:featuredmedia":[{"embeddable":true,"href":"https:\/\/www.danielgander.com\/blog\/wp-json\/wp\/v2\/media\/2478"}],"wp:attachment":[{"href":"https:\/\/www.danielgander.com\/blog\/wp-json\/wp\/v2\/media?parent=2473"}],"wp:term":[{"taxonomy":"category","embeddable":true,"href":"https:\/\/www.danielgander.com\/blog\/wp-json\/wp\/v2\/categories?post=2473"},{"taxonomy":"post_tag","embeddable":true,"href":"https:\/\/www.danielgander.com\/blog\/wp-json\/wp\/v2\/tags?post=2473"}],"curies":[{"name":"wp","href":"https:\/\/api.w.org\/{rel}","templated":true}]}}