{"id":2195,"date":"2012-05-22T00:30:25","date_gmt":"2012-05-21T23:30:25","guid":{"rendered":"http:\/\/www.danielgander.com\/blog\/?p=2195"},"modified":"2016-02-08T14:55:38","modified_gmt":"2016-02-08T13:55:38","slug":"portugal-panoramas","status":"publish","type":"post","link":"https:\/\/www.danielgander.com\/blog\/night\/portugal-panoramas\/","title":{"rendered":"Ein paar Panoramas"},"content":{"rendered":"<p>Panoramafotos waren bisher nie eine gro\u00dfe Leidenschaft von mir.\u00a0 W\u00e4hrend meines Kurzurlaubs in Portugal hab ich den einen oder anderen Aussichtspunkt genutzt welche zu machen.Wie das zusammengerechnete Endergebnis aussieht hab ich mir eigentlich gar nicht vorstellen k\u00f6nnen &#8211; umso mehr \u00fcberrascht es mich, dass einige sogar recht anschaulich geworden sind (mein Lieblingsfoto sind die Klippen an der K\u00fcste vor Lagos)!<\/p>\n<p>Die Fotos k\u00f6nnen \u00fcbrigens mittels Rechtsklick auch in einer gr\u00f6\u00dferen Aufl\u00f6sung betrachtet werden (1600px Breite).<\/p>\n<ul>\n<li>Rundblick vom <a href=\"http:\/\/de.wikipedia.org\/wiki\/Padr%C3%A3o_dos_Descobrimentos\" title=\"Wikipedia - Padr\u00e3o dos Descobrimentos\"  target=\"_blank\">Padr\u00e3o dos Descobrimentos<\/a>. Im Vordergrund eine kleine Marina, im Hintergrund Lissabons Golden Gate &#8211; die <a href=\"http:\/\/de.wikipedia.org\/wiki\/Ponte_25_de_Abril\" title=\"Wikipedia - Ponte 25 de Abril\"  target=\"_blank\">Ponte 25 de Abril<\/a>.<\/li>\n<\/ul>\n<p><a href=\"https:\/\/www.danielgander.com\/blog\/wp-content\/uploads\/2012\/05\/120519-1122_DSC_0706_P02.jpg\"  data-rel=\"lightbox-image-0\" data-rl_title=\"\" data-rl_caption=\"\"><img loading=\"lazy\" decoding=\"async\" class=\"aligncenter\" title=\"\" src=\"https:\/\/www.danielgander.com\/blog\/wp-content\/uploads\/2012\/05\/120519-1122_DSC_0706_P02-300x99.jpg\" alt=\"\" width=\"300\" height=\"99\" \/><\/a><\/p>\n<ul>\n<li>Lissabons Golden Gate &#8211; die <a href=\"http:\/\/de.wikipedia.org\/wiki\/Ponte_25_de_Abril\" title=\"Wikipedia - Ponte 25 de Abril\"  target=\"_blank\">Ponte 25 de Abril<\/a>.<\/li>\n<\/ul>\n<p><a href=\"https:\/\/www.danielgander.com\/blog\/wp-content\/uploads\/2012\/05\/120518-1919_DSC_0668_P02.jpg\"  data-rel=\"lightbox-image-1\" data-rl_title=\"\" data-rl_caption=\"\"><img loading=\"lazy\" decoding=\"async\" class=\"aligncenter\" title=\"\" src=\"https:\/\/www.danielgander.com\/blog\/wp-content\/uploads\/2012\/05\/120518-1919_DSC_0668_P02-300x64.jpg\" alt=\"\" width=\"300\" height=\"64\" \/><\/a><\/p>\n<ul>\n<li>Ausblick vom <a href=\"http:\/\/de.wikipedia.org\/wiki\/Elevador_de_Santa_Justa\" title=\"Wikipedia - Elevador de Santa Justa\"  target=\"_blank\">Elevador de Santa Justa<\/a> in Lissabon.<\/li>\n<\/ul>\n<p><a href=\"https:\/\/www.danielgander.com\/blog\/wp-content\/uploads\/2012\/05\/120518-1804_DSC_0649_P02.jpg\"  data-rel=\"lightbox-image-2\" data-rl_title=\"\" data-rl_caption=\"\"><img loading=\"lazy\" decoding=\"async\" class=\"aligncenter\" title=\"\" src=\"https:\/\/www.danielgander.com\/blog\/wp-content\/uploads\/2012\/05\/120518-1804_DSC_0649_P02-300x118.jpg\" alt=\"\" width=\"300\" height=\"118\" \/><\/a><\/p>\n<ul>\n<li>Last but not least &#8211; die Klippen vor Lagos, genaugenommen am h\u00f6chsten Punkt der <a href=\"http:\/\/de.wikipedia.org\/wiki\/Ponta_da_Piedade\" title=\"Wikipedia - Ponta da Piedade\"  target=\"_blank\">Ponta da Piedade<\/a>. Ein atemberaubender Ausblick!<\/li>\n<\/ul>\n<p><a href=\"https:\/\/www.danielgander.com\/blog\/wp-content\/uploads\/2012\/05\/120514-1334_DSC_0414_P02.jpg\"  data-rel=\"lightbox-image-3\" data-rl_title=\"\" data-rl_caption=\"\"><img loading=\"lazy\" decoding=\"async\" class=\"size-medium wp-image-2196 aligncenter\" title=\"\" src=\"https:\/\/www.danielgander.com\/blog\/wp-content\/uploads\/2012\/05\/120514-1334_DSC_0414_P02-300x63.jpg\" alt=\"\" width=\"300\" height=\"63\" \/><\/a><\/p>\n","protected":false},"excerpt":{"rendered":"<p>Panoramafotos waren bisher nie eine gro\u00dfe Leidenschaft von mir.\u00a0 W\u00e4hrend meines Kurzurlaubs in Portugal hab ich den einen oder anderen Aussichtspunkt genutzt welche zu machen.Wie das zusammengerechnete Endergebnis aussieht hab ich mir eigentlich gar nicht vorstellen k\u00f6nnen &#8211; umso mehr \u00fcberrascht es mich, dass einige sogar recht anschaulich geworden sind (mein Lieblingsfoto sind die Klippen&hellip; <\/p>\n<p><a href=\"https:\/\/www.danielgander.com\/blog\/night\/portugal-panoramas\/\"  title='Permanent link to Ein paar Panoramas' class='more-link'>Continue Reading &rarr;<\/a><\/p>\n","protected":false},"author":5,"featured_media":2201,"comment_status":"open","ping_status":"open","sticky":false,"template":"","format":"standard","meta":{"footnotes":""},"categories":[6,3],"tags":[66,59],"class_list":["post-2195","post","type-post","status-publish","format-standard","has-post-thumbnail","hentry","category-landscapes","category-night","tag-lisbon","tag-portugal","lock-1"],"_links":{"self":[{"href":"https:\/\/www.danielgander.com\/blog\/wp-json\/wp\/v2\/posts\/2195","targetHints":{"allow":["GET"]}}],"collection":[{"href":"https:\/\/www.danielgander.com\/blog\/wp-json\/wp\/v2\/posts"}],"about":[{"href":"https:\/\/www.danielgander.com\/blog\/wp-json\/wp\/v2\/types\/post"}],"author":[{"embeddable":true,"href":"https:\/\/www.danielgander.com\/blog\/wp-json\/wp\/v2\/users\/5"}],"replies":[{"embeddable":true,"href":"https:\/\/www.danielgander.com\/blog\/wp-json\/wp\/v2\/comments?post=2195"}],"version-history":[{"count":0,"href":"https:\/\/www.danielgander.com\/blog\/wp-json\/wp\/v2\/posts\/2195\/revisions"}],"wp:featuredmedia":[{"embeddable":true,"href":"https:\/\/www.danielgander.com\/blog\/wp-json\/wp\/v2\/media\/2201"}],"wp:attachment":[{"href":"https:\/\/www.danielgander.com\/blog\/wp-json\/wp\/v2\/media?parent=2195"}],"wp:term":[{"taxonomy":"category","embeddable":true,"href":"https:\/\/www.danielgander.com\/blog\/wp-json\/wp\/v2\/categories?post=2195"},{"taxonomy":"post_tag","embeddable":true,"href":"https:\/\/www.danielgander.com\/blog\/wp-json\/wp\/v2\/tags?post=2195"}],"curies":[{"name":"wp","href":"https:\/\/api.w.org\/{rel}","templated":true}]}}