{"id":2178,"date":"2012-05-21T20:12:18","date_gmt":"2012-05-21T19:12:18","guid":{"rendered":"http:\/\/www.danielgander.com\/blog\/?p=2178"},"modified":"2016-02-08T14:55:24","modified_gmt":"2016-02-08T13:55:24","slug":"sunrise-lagos","status":"publish","type":"post","link":"https:\/\/www.danielgander.com\/blog\/nature\/landscapes\/sunrise-lagos\/","title":{"rendered":"Kurz vor Sonnenaufgang"},"content":{"rendered":"<p>In der vergangenen Woche hab ich an einen beruflichen Aufenthalt in Portugal einen kurzen Urlaub mit Monika und G\u00fcnther angeh\u00e4ngt. Von Lissabon ging es mit dem Auto in den S\u00fcden bis an die Algarve.<\/p>\n<p>Am zweiten Tag in <a href=\"http:\/\/de.wikipedia.org\/wiki\/Lagos_%28Portugal%29\" title=\"Wiki - Lagos (Portugal)\"  target=\"_blank\">Lagos <\/a>wollten wir uns den Sonnenaufgang ansehen. Eigentlich kein schwieriges Unterfangen wenn man zumindest halbwegs die Himmelsrichtungen zuordnen und fr\u00fch aufstehen kann. Um diese Jahreszeit geht die Sonne in \u00d6sterreich ca. 5:15 Uhr auf. Ohne lange zu \u00fcberlegen haben wir uns also kurz nach halb 4 &#8211; sicherheitshalber etwas fr\u00fcher &#8211; auf den Weg zum Strand gemacht. Geduldig warteten wir. Nach einer Dreiviertelstunde tat sich immer noch nichts am Horizont. Als Geod\u00e4t erinnert man sich an diverse astronomische Universit\u00e4tskurse und beginnt nachzurechnen. \u00d6sterreich liegt 15\u00b0 \u00f6stlich, Lagos etwa 8\u00b0 westlich von Greenwich &#8211; in Summe eine Differenz von 23\u00b0. Pro Stunde legt die Sonne 360\/24 also 15\u00b0 zur\u00fcck. Ber\u00fccksichtigt man die Zeitverschiebung von einer Stunde m\u00fcsste der Sonnenaufgang rein rechnerisch in Portugal also etwa eine halbe Stunde sp\u00e4ter als in \u00d6sterreich, also gegen 5:45 Uhr sein. So die Theorie. Bis 6 wurde es zwar heller am Horizont, doch von der Sonne war immer noch nichts zu sehen. Ungeduld machte sich breit. Es wurde immer heller und heller, aber sonst \u00e4nderte sich absolut nichts. Mittlerweile war ich \u00fcberzeugt, dass ein Dunstschleier am Horizont den Feuerball verdeckt und die Sonne deshalb nicht zu sehen ist. Um Viertel nach 6 machten wir uns etwas entt\u00e4uscht auf den R\u00fcckweg ins Hotel. &#8220;Pech gehabt&#8221;, hab ich mir gedacht. Um 6:30 Uhr betrat ich mein Hotelzimmer, wollte mich m\u00fcde wieder ins Bett legen und mein Blick fiel durchs Fenster. Ich sah &#8211; wie konnte es anders sein &#8211; ganz knapp \u00fcber dem Horizont die aufgehende Sonne. Sie wollte wohl keine Zuseher beim &#8220;Aufstehen&#8221; (wer will das schon?) und hat deshalb gewartet bis wir heimgegangen sind ;-)<\/p>\n<p>Mir ist bis jetzt nicht klar was an meiner Rechnung falsch war&#8230;<\/p>\n<p>Wie auch immer, hier zwei Fotos die VOR dem Sonnenaufgang entstanden sind.<\/p>\n<div id='gallery-1' class='gallery galleryid-2178 gallery-columns-3 gallery-size-thumbnail'><figure class='gallery-item'>\n\t\t\t<div class='gallery-icon landscape'>\n\t\t\t\t<a href=\"https:\/\/www.danielgander.com\/blog\/wp-content\/uploads\/2012\/05\/120515-0523_DSC_0555_L01.jpg\"  title=\"\" data-rl_title=\"\" class=\"rl-gallery-link\" data-rl_caption=\"\" data-rel=\"lightbox-gallery-1\"><img loading=\"lazy\" decoding=\"async\" width=\"150\" height=\"150\" src=\"https:\/\/www.danielgander.com\/blog\/wp-content\/uploads\/2012\/05\/120515-0523_DSC_0555_L01-150x150.jpg\" class=\"attachment-thumbnail size-thumbnail\" alt=\"\" \/><\/a>\n\t\t\t<\/div><\/figure><figure class='gallery-item'>\n\t\t\t<div class='gallery-icon landscape'>\n\t\t\t\t<a href=\"https:\/\/www.danielgander.com\/blog\/wp-content\/uploads\/2012\/05\/120515-0608_DSC_0568_L01.jpg\"  title=\"\" data-rl_title=\"\" class=\"rl-gallery-link\" data-rl_caption=\"\" data-rel=\"lightbox-gallery-1\"><img loading=\"lazy\" decoding=\"async\" width=\"150\" height=\"150\" src=\"https:\/\/www.danielgander.com\/blog\/wp-content\/uploads\/2012\/05\/120515-0608_DSC_0568_L01-150x150.jpg\" class=\"attachment-thumbnail size-thumbnail\" alt=\"\" \/><\/a>\n\t\t\t<\/div><\/figure>\n\t\t<\/div>\n\n","protected":false},"excerpt":{"rendered":"<p>In der vergangenen Woche hab ich an einen beruflichen Aufenthalt in Portugal einen kurzen Urlaub mit Monika und G\u00fcnther angeh\u00e4ngt. Von Lissabon ging es mit dem Auto in den S\u00fcden bis an die Algarve. Am zweiten Tag in Lagos wollten wir uns den Sonnenaufgang ansehen. Eigentlich kein schwieriges Unterfangen wenn man zumindest halbwegs die Himmelsrichtungen&hellip; <\/p>\n<p><a href=\"https:\/\/www.danielgander.com\/blog\/nature\/landscapes\/sunrise-lagos\/\"  title='Permanent link to Kurz vor Sonnenaufgang' class='more-link'>Continue Reading &rarr;<\/a><\/p>\n","protected":false},"author":5,"featured_media":2180,"comment_status":"open","ping_status":"open","sticky":false,"template":"","format":"standard","meta":{"footnotes":""},"categories":[6],"tags":[59,41,50],"class_list":["post-2178","post","type-post","status-publish","format-standard","has-post-thumbnail","hentry","category-landscapes","tag-portugal","tag-sun","tag-water","lock-1"],"_links":{"self":[{"href":"https:\/\/www.danielgander.com\/blog\/wp-json\/wp\/v2\/posts\/2178","targetHints":{"allow":["GET"]}}],"collection":[{"href":"https:\/\/www.danielgander.com\/blog\/wp-json\/wp\/v2\/posts"}],"about":[{"href":"https:\/\/www.danielgander.com\/blog\/wp-json\/wp\/v2\/types\/post"}],"author":[{"embeddable":true,"href":"https:\/\/www.danielgander.com\/blog\/wp-json\/wp\/v2\/users\/5"}],"replies":[{"embeddable":true,"href":"https:\/\/www.danielgander.com\/blog\/wp-json\/wp\/v2\/comments?post=2178"}],"version-history":[{"count":0,"href":"https:\/\/www.danielgander.com\/blog\/wp-json\/wp\/v2\/posts\/2178\/revisions"}],"wp:featuredmedia":[{"embeddable":true,"href":"https:\/\/www.danielgander.com\/blog\/wp-json\/wp\/v2\/media\/2180"}],"wp:attachment":[{"href":"https:\/\/www.danielgander.com\/blog\/wp-json\/wp\/v2\/media?parent=2178"}],"wp:term":[{"taxonomy":"category","embeddable":true,"href":"https:\/\/www.danielgander.com\/blog\/wp-json\/wp\/v2\/categories?post=2178"},{"taxonomy":"post_tag","embeddable":true,"href":"https:\/\/www.danielgander.com\/blog\/wp-json\/wp\/v2\/tags?post=2178"}],"curies":[{"name":"wp","href":"https:\/\/api.w.org\/{rel}","templated":true}]}}