{"id":1543,"date":"2011-08-02T11:20:27","date_gmt":"2011-08-02T11:20:27","guid":{"rendered":"http:\/\/www.danielgander.com\/blog\/?p=1543"},"modified":"2016-02-08T14:03:17","modified_gmt":"2016-02-08T13:03:17","slug":"long-long-time-ago","status":"publish","type":"post","link":"https:\/\/www.danielgander.com\/blog\/people\/portraits\/long-long-time-ago\/","title":{"rendered":"Long long time ago"},"content":{"rendered":"<p>Christian und seine Br\u00fcder wollten mal eine etwas andere Art von Familienfotos machen und haben sich daf\u00fcr ganz etwas besonders ausgedacht. Sie haben f\u00fcr einen halben Tag den Festplatz der Karl May Festspiele im Gurktal in K\u00e4rnten inkl. Kost\u00fcme gemietet und dann wurde flei\u00dfig fotografiert :-)<\/p>\n<div id='gallery-1' class='gallery galleryid-1543 gallery-columns-3 gallery-size-thumbnail'><figure class='gallery-item'>\n\t\t\t<div class='gallery-icon portrait'>\n\t\t\t\t<a href=\"https:\/\/www.danielgander.com\/blog\/wp-content\/uploads\/2011\/08\/110703-1154_DSC_5240_E01.jpg\"  title=\"\" data-rl_title=\"\" class=\"rl-gallery-link\" data-rl_caption=\"\" data-rel=\"lightbox-gallery-1\"><img loading=\"lazy\" decoding=\"async\" width=\"150\" height=\"150\" src=\"https:\/\/www.danielgander.com\/blog\/wp-content\/uploads\/2011\/08\/110703-1154_DSC_5240_E01-150x150.jpg\" class=\"attachment-thumbnail size-thumbnail\" alt=\"\" \/><\/a>\n\t\t\t<\/div><\/figure><figure class='gallery-item'>\n\t\t\t<div class='gallery-icon portrait'>\n\t\t\t\t<a href=\"https:\/\/www.danielgander.com\/blog\/wp-content\/uploads\/2011\/08\/110703-1231_DSC_5366_E01.jpg\"  title=\"\" data-rl_title=\"\" class=\"rl-gallery-link\" data-rl_caption=\"\" data-rel=\"lightbox-gallery-1\"><img loading=\"lazy\" decoding=\"async\" width=\"150\" height=\"150\" src=\"https:\/\/www.danielgander.com\/blog\/wp-content\/uploads\/2011\/08\/110703-1231_DSC_5366_E01-150x150.jpg\" class=\"attachment-thumbnail size-thumbnail\" alt=\"\" \/><\/a>\n\t\t\t<\/div><\/figure><figure class='gallery-item'>\n\t\t\t<div class='gallery-icon landscape'>\n\t\t\t\t<a href=\"https:\/\/www.danielgander.com\/blog\/wp-content\/uploads\/2011\/08\/110703-1351_DSC_5734_E01.jpg\"  title=\"\" data-rl_title=\"\" class=\"rl-gallery-link\" data-rl_caption=\"\" data-rel=\"lightbox-gallery-1\"><img loading=\"lazy\" decoding=\"async\" width=\"150\" height=\"150\" src=\"https:\/\/www.danielgander.com\/blog\/wp-content\/uploads\/2011\/08\/110703-1351_DSC_5734_E01-150x150.jpg\" class=\"attachment-thumbnail size-thumbnail\" alt=\"\" \/><\/a>\n\t\t\t<\/div><\/figure><figure class='gallery-item'>\n\t\t\t<div class='gallery-icon landscape'>\n\t\t\t\t<a href=\"https:\/\/www.danielgander.com\/blog\/wp-content\/uploads\/2011\/08\/110703-1529_DSC_6030_E02.jpg\"  title=\"\" data-rl_title=\"\" class=\"rl-gallery-link\" data-rl_caption=\"\" data-rel=\"lightbox-gallery-1\"><img loading=\"lazy\" decoding=\"async\" width=\"150\" height=\"150\" src=\"https:\/\/www.danielgander.com\/blog\/wp-content\/uploads\/2011\/08\/110703-1529_DSC_6030_E02-150x150.jpg\" class=\"attachment-thumbnail size-thumbnail\" alt=\"\" \/><\/a>\n\t\t\t<\/div><\/figure><figure class='gallery-item'>\n\t\t\t<div class='gallery-icon landscape'>\n\t\t\t\t<a href=\"https:\/\/www.danielgander.com\/blog\/wp-content\/uploads\/2011\/08\/110703-1121_DSC_5146_E01.jpg\"  title=\"\" data-rl_title=\"\" class=\"rl-gallery-link\" data-rl_caption=\"\" data-rel=\"lightbox-gallery-1\"><img loading=\"lazy\" decoding=\"async\" width=\"150\" height=\"150\" src=\"https:\/\/www.danielgander.com\/blog\/wp-content\/uploads\/2011\/08\/110703-1121_DSC_5146_E01-150x150.jpg\" class=\"attachment-thumbnail size-thumbnail\" alt=\"\" \/><\/a>\n\t\t\t<\/div><\/figure>\n\t\t<\/div>\n\n","protected":false},"excerpt":{"rendered":"<p>Christian und seine Br\u00fcder wollten mal eine etwas andere Art von Familienfotos machen und haben sich daf\u00fcr ganz etwas besonders ausgedacht. Sie haben f\u00fcr einen halben Tag den Festplatz der Karl May Festspiele im Gurktal in K\u00e4rnten inkl. Kost\u00fcme gemietet und dann wurde flei\u00dfig fotografiert :-)<\/p>\n","protected":false},"author":5,"featured_media":1548,"comment_status":"open","ping_status":"open","sticky":false,"template":"","format":"standard","meta":{"footnotes":""},"categories":[11],"tags":[],"class_list":["post-1543","post","type-post","status-publish","format-standard","has-post-thumbnail","hentry","category-portraits","lock-1"],"_links":{"self":[{"href":"https:\/\/www.danielgander.com\/blog\/wp-json\/wp\/v2\/posts\/1543","targetHints":{"allow":["GET"]}}],"collection":[{"href":"https:\/\/www.danielgander.com\/blog\/wp-json\/wp\/v2\/posts"}],"about":[{"href":"https:\/\/www.danielgander.com\/blog\/wp-json\/wp\/v2\/types\/post"}],"author":[{"embeddable":true,"href":"https:\/\/www.danielgander.com\/blog\/wp-json\/wp\/v2\/users\/5"}],"replies":[{"embeddable":true,"href":"https:\/\/www.danielgander.com\/blog\/wp-json\/wp\/v2\/comments?post=1543"}],"version-history":[{"count":0,"href":"https:\/\/www.danielgander.com\/blog\/wp-json\/wp\/v2\/posts\/1543\/revisions"}],"wp:featuredmedia":[{"embeddable":true,"href":"https:\/\/www.danielgander.com\/blog\/wp-json\/wp\/v2\/media\/1548"}],"wp:attachment":[{"href":"https:\/\/www.danielgander.com\/blog\/wp-json\/wp\/v2\/media?parent=1543"}],"wp:term":[{"taxonomy":"category","embeddable":true,"href":"https:\/\/www.danielgander.com\/blog\/wp-json\/wp\/v2\/categories?post=1543"},{"taxonomy":"post_tag","embeddable":true,"href":"https:\/\/www.danielgander.com\/blog\/wp-json\/wp\/v2\/tags?post=1543"}],"curies":[{"name":"wp","href":"https:\/\/api.w.org\/{rel}","templated":true}]}}