{"id":1273,"date":"2010-10-24T23:18:34","date_gmt":"2010-10-24T22:18:34","guid":{"rendered":"http:\/\/www.danielgander.com\/blog\/?p=1273"},"modified":"2016-02-08T14:49:06","modified_gmt":"2016-02-08T13:49:06","slug":"erinnerungen-an-den-sommer","status":"publish","type":"post","link":"https:\/\/www.danielgander.com\/blog\/nature\/landscapes\/erinnerungen-an-den-sommer\/","title":{"rendered":"Erinnerungen an den Sommer"},"content":{"rendered":"<p>Wie ihr bereits in <a href=\"https:\/\/www.danielgander.com\/blog\/?s=porec&amp;searchsubmit=Find\" title=\"Blogsuche - Porec\"  target=\"_self\">ein paar vergangenen Eintr\u00e4gen<\/a> erfahren habt, haben wir unseren Sommer-Sonne-Strand-und-Meer-Urlaub dieses Jahr in Porec in Kroatien verbracht. In den letzten Tagen bin ich endlich dazugekommen eine kleine <a href=\"http:\/\/www.danielgander.com\/photography\/gallery\/index_porec.php?0\" title=\"Gallery - Porec\"  target=\"_blank\">Urlaubsgallery<\/a> f\u00fcr die Website zusammenzustellen und aus diesem Grund m\u00f6chte ich mit diesem Foto noch ein letztes Mal daran erinnern und den diesj\u00e4hrigen Sommer damit abschlie\u00dfen *seufz*.<\/p>\n<p>N\u00e4chstes Jahr gehts etwas weiter weg, mehr m\u00f6chte ich noch nicht dar\u00fcber verraten ;-)<\/p>\n","protected":false},"excerpt":{"rendered":"<p>Wie ihr bereits in ein paar vergangenen Eintr\u00e4gen erfahren habt, haben wir unseren Sommer-Sonne-Strand-und-Meer-Urlaub dieses Jahr in Porec in Kroatien verbracht. In den letzten Tagen bin ich endlich dazugekommen eine kleine Urlaubsgallery f\u00fcr die Website zusammenzustellen und aus diesem Grund m\u00f6chte ich mit diesem Foto noch ein letztes Mal daran erinnern und den diesj\u00e4hrigen Sommer&hellip; <\/p>\n<p><a href=\"https:\/\/www.danielgander.com\/blog\/nature\/landscapes\/erinnerungen-an-den-sommer\/\"  title='Permanent link to Erinnerungen an den Sommer' class='more-link'>Continue Reading &rarr;<\/a><\/p>\n","protected":false},"author":5,"featured_media":1274,"comment_status":"open","ping_status":"open","sticky":false,"template":"","format":"standard","meta":{"footnotes":""},"categories":[6],"tags":[50],"class_list":["post-1273","post","type-post","status-publish","format-standard","has-post-thumbnail","hentry","category-landscapes","tag-water","lock-1"],"_links":{"self":[{"href":"https:\/\/www.danielgander.com\/blog\/wp-json\/wp\/v2\/posts\/1273","targetHints":{"allow":["GET"]}}],"collection":[{"href":"https:\/\/www.danielgander.com\/blog\/wp-json\/wp\/v2\/posts"}],"about":[{"href":"https:\/\/www.danielgander.com\/blog\/wp-json\/wp\/v2\/types\/post"}],"author":[{"embeddable":true,"href":"https:\/\/www.danielgander.com\/blog\/wp-json\/wp\/v2\/users\/5"}],"replies":[{"embeddable":true,"href":"https:\/\/www.danielgander.com\/blog\/wp-json\/wp\/v2\/comments?post=1273"}],"version-history":[{"count":0,"href":"https:\/\/www.danielgander.com\/blog\/wp-json\/wp\/v2\/posts\/1273\/revisions"}],"wp:featuredmedia":[{"embeddable":true,"href":"https:\/\/www.danielgander.com\/blog\/wp-json\/wp\/v2\/media\/1274"}],"wp:attachment":[{"href":"https:\/\/www.danielgander.com\/blog\/wp-json\/wp\/v2\/media?parent=1273"}],"wp:term":[{"taxonomy":"category","embeddable":true,"href":"https:\/\/www.danielgander.com\/blog\/wp-json\/wp\/v2\/categories?post=1273"},{"taxonomy":"post_tag","embeddable":true,"href":"https:\/\/www.danielgander.com\/blog\/wp-json\/wp\/v2\/tags?post=1273"}],"curies":[{"name":"wp","href":"https:\/\/api.w.org\/{rel}","templated":true}]}}